{"id":195156,"date":"2025-12-19T19:31:11","date_gmt":"2025-12-19T19:31:11","guid":{"rendered":"https:\/\/www.europesays.com\/pt\/195156\/"},"modified":"2025-12-19T19:31:11","modified_gmt":"2025-12-19T19:31:11","slug":"tem-o-presidente-frederico-varandas-a-oportunidade-clara-de-brilhar-pela-integridade","status":"publish","type":"post","link":"https:\/\/www.europesays.com\/pt\/195156\/","title":{"rendered":"\u00abTem o presidente Frederico Varandas a oportunidade clara de brilhar pela integridade\u00bb"},"content":{"rendered":"<p>&#8211; Advertisement &#8211;<\/p>\n<p><strong>Pedro Pinto de Souto assumiu que o Sporting deveria retirar-se da Ta\u00e7a de Portugal, depois do ocorrido na partida frente ao Santa Clara.<\/strong><\/p>\n<p>Pedro Pinto de Souto, candidato \u00e0s elei\u00e7\u00f5es do Sporting em 2009 (que mais tarde retirou da corrida com a candidatura de Jos\u00e9 Eduardo Bettencourt, que acabou por vencer o ato eleitoral), assumiu que os le\u00f5es se deviam retirar da presente edi\u00e7\u00e3o da Ta\u00e7a de Portugal.<\/p>\n<p>Na partida frente aos a\u00e7orianos, <a href=\"https:\/\/bolanarede.pt\/especial-bola-na-rede\/atualidade\/var-demora-15-minutos-e-descortina-penalti-que-salva-sporting-luis-suarez-faz-o-2-2-contra-o-santa-clara-na-taca-de-portugal\/\" target=\"_blank\" rel=\"noreferrer noopener nofollow\">o Sporting beneficiou de uma grande penalidade que tem sido bastante contestada<\/a> e Pedro Pinto de Souto admitiu que Frederico Varandas tem uma oportunidade de mostrar que o emblema de Alvalade \u00e9 \u00edntegro:<\/p>\n<p>\u00abCarta aberta a Frederico Varandas<\/p>\n<p>O que vimos ontem reflecte as nossas revoltas antigas, as desonras que pass\u00e1mos, as tristezas das derrotas injustas, os insultos em surdina durante acentuados jejuns de vit\u00f3rias e trof\u00e9us com o dom\u00ednio das institui\u00e7\u00f5es de que fomos v\u00edtimas correntes.<\/p>\n<p>Sou o s\u00f3cio 1131 desde 17.10.1962.<\/p>\n<p>E tenho vergonha de ganhar assim. Os sportinguistas n\u00e3o ganham assim, mesmo tendo sido prejudicados anos e anos. N\u00e3o, a teoria do ladr\u00e3o que rouba a ladr\u00e3o tem 100 de perd\u00e3o nunca se pode transformar num valor. N\u00e3o \u00e9 isso que ensinamos aos nossos filhos nem que queremos um dia prestar contas noutra vida.<\/p>\n<p>Tem o presidente FV a oportunidade clara de brilhar pela integridade. Tenha o custo que tiver financeiro ou desportivo, temos agora o nosso momento de exemplo e futuro do nosso sporting. Sim, sair desta competi\u00e7\u00e3o da ta\u00e7a, n\u00e3o continuar e comparecer nos quartos de final. Seja qual for o pre\u00e7o, ganh\u00e1mos o nosso momento. Ser diferentes. Haver\u00e1 muitas ta\u00e7as no futuro. Coragem, como tantos anos a tivemos que ter para nunca largar este clube.<\/p>\n<p>Cumprimentos,<\/p>\n<p>Pedro Pinto do Souto\u00bb.<\/p>\n","protected":false},"excerpt":{"rendered":"&#8211; Advertisement &#8211; Pedro Pinto de Souto assumiu que o Sporting deveria retirar-se da Ta\u00e7a de Portugal, depois&hellip;\n","protected":false},"author":2,"featured_media":195157,"comment_status":"","ping_status":"","sticky":false,"template":"","format":"standard","meta":{"footnotes":""},"categories":[87],"tags":[260,135,39049,32,33,34,134,3142],"class_list":{"0":"post-195156","1":"post","2":"type-post","3":"status-publish","4":"format-standard","5":"has-post-thumbnail","7":"category-desporto","8":"tag-atualidade","9":"tag-desporto","10":"tag-pedro-pinto-de-souto","11":"tag-portugal","12":"tag-pt","13":"tag-sporting","14":"tag-sports","15":"tag-taca-de-portugal"},"share_on_mastodon":{"url":"https:\/\/pubeurope.com\/@pt\/115747899652269321","error":""},"_links":{"self":[{"href":"https:\/\/www.europesays.com\/pt\/wp-json\/wp\/v2\/posts\/195156","targetHints":{"allow":["GET"]}}],"collection":[{"href":"https:\/\/www.europesays.com\/pt\/wp-json\/wp\/v2\/posts"}],"about":[{"href":"https:\/\/www.europesays.com\/pt\/wp-json\/wp\/v2\/types\/post"}],"author":[{"embeddable":true,"href":"https:\/\/www.europesays.com\/pt\/wp-json\/wp\/v2\/users\/2"}],"replies":[{"embeddable":true,"href":"https:\/\/www.europesays.com\/pt\/wp-json\/wp\/v2\/comments?post=195156"}],"version-history":[{"count":0,"href":"https:\/\/www.europesays.com\/pt\/wp-json\/wp\/v2\/posts\/195156\/revisions"}],"wp:featuredmedia":[{"embeddable":true,"href":"https:\/\/www.europesays.com\/pt\/wp-json\/wp\/v2\/media\/195157"}],"wp:attachment":[{"href":"https:\/\/www.europesays.com\/pt\/wp-json\/wp\/v2\/media?parent=195156"}],"wp:term":[{"taxonomy":"category","embeddable":true,"href":"https:\/\/www.europesays.com\/pt\/wp-json\/wp\/v2\/categories?post=195156"},{"taxonomy":"post_tag","embeddable":true,"href":"https:\/\/www.europesays.com\/pt\/wp-json\/wp\/v2\/tags?post=195156"}],"curies":[{"name":"wp","href":"https:\/\/api.w.org\/{rel}","templated":true}]}}