{"id":195175,"date":"2025-12-19T19:46:12","date_gmt":"2025-12-19T19:46:12","guid":{"rendered":"https:\/\/www.europesays.com\/pt\/195175\/"},"modified":"2025-12-19T19:46:12","modified_gmt":"2025-12-19T19:46:12","slug":"automedicacao-nas-festas-perigos-de-misturar-alcool-e-remedios","status":"publish","type":"post","link":"https:\/\/www.europesays.com\/pt\/195175\/","title":{"rendered":"Automedica\u00e7\u00e3o nas festas: perigos de misturar \u00e1lcool e rem\u00e9dios"},"content":{"rendered":"<p><img fetchpriority=\"high\" decoding=\"async\" class=\"w-fit lg:w-full\" loading=\"eager\" src=\"https:\/\/www.europesays.com\/pt\/wp-content\/uploads\/2025\/12\/5572099_701efcf3c7d3530.jpg\" title=\"PawelKacperek \/ Shutterstock | Portal EdiCase\" alt=\"PawelKacperek \/ Shutterstock | Portal EdiCase\" width=\"700\" height=\"477\"\/>Misturar \u00e1lcool e medicamentos pode trazer riscos graves \u00e0 sa\u00fade PawelKacperek \/ Shutterstock | Portal EdiCase<\/p>\n<p>Com a chegada das festas de fim de ano, cresce o consumo de bebidas alco\u00f3licas e, junto com ele, o risco de intera\u00e7\u00f5es perigosas entre \u00e1lcool e medicamentos utilizados de forma inadequada. Segundo a Dra. Gisele Lopes Cavalcante, professora do curso de Farm\u00e1cia da Faculdade Anhanguera Ribeir\u00e3o Preto, a automedica\u00e7\u00e3o nesta \u00e9poca pode causar efeitos inesperados, intoxica\u00e7\u00f5es graves e at\u00e9 interna\u00e7\u00f5es, especialmente quando combinada com o \u00e1lcool.<\/p>\n<p>A especialista explica que muitas pessoas recorrem a analg\u00e9sicos, anti-inflamat\u00f3rios, antigripais, anti-histam\u00ednicos e at\u00e9 ansiol\u00edticos sem considerar que essas subst\u00e2ncias passam por vias metab\u00f3licas semelhantes \u00e0s do \u00e1lcool no organismo.<\/p>\n<p>\u201cO <strong>f\u00edgado<\/strong> fica sobrecarregado ao tentar metabolizar o \u00e1lcool e o medicamento ao mesmo tempo. Isso aumenta o risco de toxicidade, potencializa os efeitos colaterais e pode anular o efeito terap\u00eautico do rem\u00e9dio\u201d, afirma a Dra. Gisele Lopes Cavalcante.<\/p>\n<p>Perigos da combina\u00e7\u00e3o entre \u00e1lcool e medicamentos<\/p>\n<p>Entre os riscos mais frequentes, Gisele Lopes Cavalcante destaca o aumento da sonol\u00eancia, queda de press\u00e3o, altera\u00e7\u00e3o de reflexos e irrita\u00e7\u00e3o g\u00e1strica, especialmente quando antigripais e anti-inflamat\u00f3rios s\u00e3o usados ap\u00f3s consumo de bebida alco\u00f3lica.<\/p>\n<p>\u201c<strong>Medicamentos<\/strong> como ibuprofeno e diclofenaco irritam a mucosa estomacal. Quando combinados ao \u00e1lcool, elevam significativamente as chances de gastrite, v\u00f4mitos, sangramentos e dor abdominal intensa\u201d, explica.<\/p>\n<p>A farmac\u00eautica alerta ainda para o perigo do paracetamol, um dos rem\u00e9dios mais usados durante festas para aliviar dor de cabe\u00e7a e mal-estar. \u201cEsse medicamento, quando associado ao \u00e1lcool, tem potencial de causar les\u00e3o hep\u00e1tica aguda, podendo levar \u00e0 insufici\u00eancia do f\u00edgado. Pessoas que bebem regularmente ou em grande quantidade nas festas devem ter aten\u00e7\u00e3o redobrada\u201d, refor\u00e7a.<\/p>\n<p>Medicamentos para ansiedade, <strong>ins\u00f4nia<\/strong> e alergias tamb\u00e9m merecem aten\u00e7\u00e3o. \u201cAntial\u00e9rgicos e ansiol\u00edticos possuem efeito sedativo. Misturados ao \u00e1lcool, podem causar sonol\u00eancia extrema, dificuldade respirat\u00f3ria e perda de consci\u00eancia. \u00c9 uma combina\u00e7\u00e3o muito perigosa, especialmente em ambientes de festa, piscina e praia, onde o risco de acidentes \u00e9 maior\u201d, alerta a professora.<\/p>\n<p><img decoding=\"async\" class=\"w-fit lg:w-full\" loading=\"eager\" src=\"https:\/\/www.europesays.com\/pt\/wp-content\/uploads\/2025\/12\/5572100_be70493813e0fde.jpg\" title=\"Srdjan Randjelovic \/ Shutterstock | Portal EdiCase\" alt=\"Srdjan Randjelovic \/ Shutterstock | Portal EdiCase\" width=\"700\" height=\"477\"\/>O uso de medicamentos sem orienta\u00e7\u00e3o m\u00e9dica pode mascarar sinais importantes e atrasar diagn\u00f3sticos Srdjan Randjelovic \/ Shutterstock | Portal EdiCase<\/p>\n<p>Quando a automedica\u00e7\u00e3o \u00e9 perigosa?<\/p>\n<p>A automedica\u00e7\u00e3o tamb\u00e9m pode mascarar <strong>sintomas<\/strong> importantes, atrasando diagn\u00f3sticos. Muitas pessoas, por exemplo, tomam rem\u00e9dios para dor, n\u00e1usea ou febre acreditando que \u00e9 apenas ressaca, quando, na verdade, podem estar diante de intoxica\u00e7\u00f5es alimentares ou infec\u00e7\u00f5es que exigem cuidado.\u00a0<\/p>\n<p>\u201cO problema n\u00e3o \u00e9 apenas o rem\u00e9dio, mas a falta de orienta\u00e7\u00e3o. O corpo j\u00e1 est\u00e1 lidando com o \u00e1lcool; adicionar medicamentos sem necessidade pode agravar um quadro que precisava de avalia\u00e7\u00e3o m\u00e9dica\u201d, explica a docente.<\/p>\n<p>Para reduzir riscos, a professora Gisele Lopes Cavalcante recomenda evitar o uso de medicamentos durante e logo ap\u00f3s o consumo de <strong>\u00e1lcool<\/strong>, n\u00e3o misturar diferentes tipos de analg\u00e9sicos, manter-se hidratado e buscar orienta\u00e7\u00e3o profissional sempre que houver d\u00favida.\u00a0<\/p>\n<p>Ela refor\u00e7a que nenhuma dor ou mal-estar deve ser tratado com rem\u00e9dios repetidamente sem supervis\u00e3o. \u201cNas festas, o corpo est\u00e1 sujeito a excessos. O que parece uma simples dor de cabe\u00e7a pode se tornar um problema muito maior se houver automedica\u00e7\u00e3o inadequada. A preven\u00e7\u00e3o ainda \u00e9 o melhor caminho\u201d, conclui.<\/p>\n","protected":false},"excerpt":{"rendered":"Misturar \u00e1lcool e medicamentos pode trazer riscos graves \u00e0 sa\u00fade PawelKacperek \/ Shutterstock | Portal EdiCase Com a&hellip;\n","protected":false},"author":2,"featured_media":195176,"comment_status":"","ping_status":"","sticky":false,"template":"","format":"standard","meta":{"footnotes":""},"categories":[86],"tags":[4227,116,32,33,117],"class_list":{"0":"post-195175","1":"post","2":"type-post","3":"status-publish","4":"format-standard","5":"has-post-thumbnail","7":"category-saude","8":"tag-edi-case","9":"tag-health","10":"tag-portugal","11":"tag-pt","12":"tag-saude"},"share_on_mastodon":{"url":"https:\/\/pubeurope.com\/@pt\/115747958787597448","error":""},"_links":{"self":[{"href":"https:\/\/www.europesays.com\/pt\/wp-json\/wp\/v2\/posts\/195175","targetHints":{"allow":["GET"]}}],"collection":[{"href":"https:\/\/www.europesays.com\/pt\/wp-json\/wp\/v2\/posts"}],"about":[{"href":"https:\/\/www.europesays.com\/pt\/wp-json\/wp\/v2\/types\/post"}],"author":[{"embeddable":true,"href":"https:\/\/www.europesays.com\/pt\/wp-json\/wp\/v2\/users\/2"}],"replies":[{"embeddable":true,"href":"https:\/\/www.europesays.com\/pt\/wp-json\/wp\/v2\/comments?post=195175"}],"version-history":[{"count":0,"href":"https:\/\/www.europesays.com\/pt\/wp-json\/wp\/v2\/posts\/195175\/revisions"}],"wp:featuredmedia":[{"embeddable":true,"href":"https:\/\/www.europesays.com\/pt\/wp-json\/wp\/v2\/media\/195176"}],"wp:attachment":[{"href":"https:\/\/www.europesays.com\/pt\/wp-json\/wp\/v2\/media?parent=195175"}],"wp:term":[{"taxonomy":"category","embeddable":true,"href":"https:\/\/www.europesays.com\/pt\/wp-json\/wp\/v2\/categories?post=195175"},{"taxonomy":"post_tag","embeddable":true,"href":"https:\/\/www.europesays.com\/pt\/wp-json\/wp\/v2\/tags?post=195175"}],"curies":[{"name":"wp","href":"https:\/\/api.w.org\/{rel}","templated":true}]}}