{"id":195177,"date":"2025-12-19T19:49:18","date_gmt":"2025-12-19T19:49:18","guid":{"rendered":"https:\/\/www.europesays.com\/pt\/195177\/"},"modified":"2025-12-19T19:49:18","modified_gmt":"2025-12-19T19:49:18","slug":"duque-familiar-da-princesa-diana-e-de-churchill-acusado-de-estrangular-ex-mulher","status":"publish","type":"post","link":"https:\/\/www.europesays.com\/pt\/195177\/","title":{"rendered":"Duque familiar da princesa Diana e de Churchill acusado de estrangular ex-mulher"},"content":{"rendered":"<p data-remotead-prev-elm=\"true\" data-remotead-elm-id=\"inread\">O Duque de Marlborough, de 70 anos, tinha sido convocado para comparecer no Tribunal de Magistrados de Oxford, no centro de Inglaterra, sob tr\u00eas acusa\u00e7\u00f5es de estrangulamento intencional n\u00e3o fatal contra a segunda mulher, Edla Marlborough, entre novembro de 2022 e maio de 2024 em Woodstock, Oxfordshire. No entanto, o juiz Kamlesh Rana foi informado de que Charles Spencer-Churchill &#8220;n\u00e3o poderia comparecer&#8221; na audi\u00eancia de quinta-feira e o caso dever\u00e1 ser reagendado para 5 de janeiro.<\/p>\n<p>Charles James Spencer-Churchill, conhecido por Jamie Blandford, \u00e9 membro de uma das fam\u00edlias mais aristocr\u00e1ticas da Gr\u00e3-Bretanha. Winston Churchill, primo em terceiro grau do duque, nasceu no Pal\u00e1cio de Blenheim, resid\u00eancia ancestral dos duques de Marlborough. J\u00e1 a princesa Diana era tamb\u00e9m sua parente por parte do pai, da fam\u00edlia Spencer.<\/p>\n<p>O rei Carlos III recebeu os l\u00edderes europeus e o presidente da Ucr\u00e2nia, Volodymyr Zelensky, em Blenheim, em 2024. Spencer-Churchill herdou o ducado em 2014, ap\u00f3s a morte do pai, mas n\u00e3o \u00e9 propriet\u00e1rio do pal\u00e1cio barroco do s\u00e9culo XVIII, que \u00e9 gerido por curadores e atrai milhares de visitantes todos os anos. Antes, em 2015, a rainha Camilla, ent\u00e3o Duquesa da Cornualha, juntou-se ao duque para a inaugura\u00e7\u00e3o de um busto de Winston Churchill nos jardins do pal\u00e1cio.<\/p>\n","protected":false},"excerpt":{"rendered":"O Duque de Marlborough, de 70 anos, tinha sido convocado para comparecer no Tribunal de Magistrados de Oxford,&hellip;\n","protected":false},"author":2,"featured_media":195178,"comment_status":"","ping_status":"","sticky":false,"template":"","format":"standard","meta":{"footnotes":""},"categories":[85],"tags":[114,115,665,62,32,14178,33,713,39052],"class_list":{"0":"post-195177","1":"post","2":"type-post","3":"status-publish","4":"format-standard","5":"has-post-thumbnail","7":"category-entretenimento","8":"tag-entertainment","9":"tag-entretenimento","10":"tag-inglaterra","11":"tag-mundo","12":"tag-portugal","13":"tag-princesa-diana","14":"tag-pt","15":"tag-reino-unido","16":"tag-winston-churchill"},"share_on_mastodon":{"url":"https:\/\/pubeurope.com\/@pt\/115747970654067503","error":""},"_links":{"self":[{"href":"https:\/\/www.europesays.com\/pt\/wp-json\/wp\/v2\/posts\/195177","targetHints":{"allow":["GET"]}}],"collection":[{"href":"https:\/\/www.europesays.com\/pt\/wp-json\/wp\/v2\/posts"}],"about":[{"href":"https:\/\/www.europesays.com\/pt\/wp-json\/wp\/v2\/types\/post"}],"author":[{"embeddable":true,"href":"https:\/\/www.europesays.com\/pt\/wp-json\/wp\/v2\/users\/2"}],"replies":[{"embeddable":true,"href":"https:\/\/www.europesays.com\/pt\/wp-json\/wp\/v2\/comments?post=195177"}],"version-history":[{"count":0,"href":"https:\/\/www.europesays.com\/pt\/wp-json\/wp\/v2\/posts\/195177\/revisions"}],"wp:featuredmedia":[{"embeddable":true,"href":"https:\/\/www.europesays.com\/pt\/wp-json\/wp\/v2\/media\/195178"}],"wp:attachment":[{"href":"https:\/\/www.europesays.com\/pt\/wp-json\/wp\/v2\/media?parent=195177"}],"wp:term":[{"taxonomy":"category","embeddable":true,"href":"https:\/\/www.europesays.com\/pt\/wp-json\/wp\/v2\/categories?post=195177"},{"taxonomy":"post_tag","embeddable":true,"href":"https:\/\/www.europesays.com\/pt\/wp-json\/wp\/v2\/tags?post=195177"}],"curies":[{"name":"wp","href":"https:\/\/api.w.org\/{rel}","templated":true}]}}