{"id":195181,"date":"2025-12-19T19:55:53","date_gmt":"2025-12-19T19:55:53","guid":{"rendered":"https:\/\/www.europesays.com\/pt\/195181\/"},"modified":"2025-12-19T19:55:53","modified_gmt":"2025-12-19T19:55:53","slug":"observatorio-das-migracoes-reconhece-problemas-nos-numeros-reais-de-imigrantes-imigracao","status":"publish","type":"post","link":"https:\/\/www.europesays.com\/pt\/195181\/","title":{"rendered":"Observat\u00f3rio das Migra\u00e7\u00f5es reconhece problemas nos n\u00fameros reais de imigrantes | Imigra\u00e7\u00e3o"},"content":{"rendered":"<p>O Observat\u00f3rio das Migra\u00e7\u00f5es (OM) est\u00e1 a concluir um reposit\u00f3rio de dados sobre imigrantes em Portugal, para tentar harmonizar a informa\u00e7\u00e3o estat\u00edstica com os mesmos crit\u00e9rios, de v\u00e1rios servi\u00e7os p\u00fablicos, algo que hoje n\u00e3o sucede.<\/p>\n<p>&#8220;H\u00e1 um problema nos n\u00fameros reais, ou seja, temos que partir do princ\u00edpio de que a maioria dos n\u00fameros com que temos trabalhado n\u00e3o reflectem a realidade real, por incapacidade do sistema de os recolher ou por falta de comparabilidade entre eles&#8221;, afirmou \u00e0 Lusa <a href=\"https:\/\/www.publico.pt\/2024\/12\/22\/sociedade\/entrevista\/precisamos-fluxo-cem-mil-imigrantes-ano-2116127\" rel=\"nofollow noopener\" target=\"_blank\">Pedro G\u00f3is<\/a>, director-cient\u00edfico do OM, \u00e0 margem de um encontro evocativo do Dia Internacional das Migra\u00e7\u00f5es, que se celebra esta quinta-feira.<\/p>\n<p>E deu um exemplo: &#8220;os n\u00fameros de descontos na Seguran\u00e7a Social n\u00e3o s\u00e3o os mesmos n\u00fameros que aparecem nos quadros do Banco de Portugal&#8221;.<\/p>\n<p>&#8220;S\u00e3o n\u00fameros <a href=\"https:\/\/www.publico.pt\/2025\/07\/25\/sociedade\/noticia\/imigracao-numeros-dados-governo-faltam-2141492\" rel=\"nofollow noopener\" target=\"_blank\">bastante divergentes<\/a>&#8220;, que &#8220;t\u00eam a ver com os crit\u00e9rios de inclus\u00e3o&#8221; em cada base de dados e a informa\u00e7\u00e3o n\u00e3o est\u00e1 harmonizada, explicou.<\/p>\n<p>As conclus\u00f5es da Ag\u00eancia para a Integra\u00e7\u00e3o, Migra\u00e7\u00f5es e Asilo (AIMA) apontam para 1,5 milh\u00f5es de estrangeiros residentes em Portugal no final de 2024, a partir das autoriza\u00e7\u00f5es de resid\u00eancia atribu\u00eddas, mas Pedro G\u00f3is prefere esperar pela avalia\u00e7\u00e3o do <a href=\"https:\/\/www.publico.pt\/2025\/09\/30\/sociedade\/noticia\/migracoes-portugal-podera-ficar-reduzido-59-milhoes-habitantes-2100-2149073\" rel=\"nofollow noopener\" target=\"_blank\">Instituto Nacional de Estat\u00edstica<\/a> para ter a certeza sobre os n\u00fameros.<\/p>\n<p>&#8220;O INE est\u00e1 a fazer esta aferi\u00e7\u00e3o e reequil\u00edbrio estat\u00edstico com base nos mesmos indicadores em outros pa\u00edses&#8221;, com os padr\u00f5es internacionais, explicou Pedro G\u00f3is.<\/p>\n<p>&#8220;Vamos ter que ter alguma paci\u00eancia porque os n\u00fameros da AIMA foram chegando atrasados&#8221;, tendo em conta o processo de extin\u00e7\u00e3o do Servi\u00e7o de Estrangeiros e Fronteiras (SEF), o acr\u00e9scimo de manifesta\u00e7\u00f5es de interesse, vistos de pa\u00edses lus\u00f3fonos.<\/p>\n<p>Tudo isso afectou a qualidade dos n\u00fameros, reconheceu, embora salientando que a AIMA s\u00f3 contabiliza as autoriza\u00e7\u00f5es de resid\u00eancia, mesmo que muitos desses estrangeiros possam j\u00e1 nem viver em Portugal, uma informa\u00e7\u00e3o que s\u00f3 o INE poder\u00e1 aferir.<\/p>\n<p>&#8220;Estamos a falar de semanas ou de poucos meses&#8221; at\u00e9 que o INE produza os seus dados e &#8220;ficamos com a certeza de que a s\u00e9rie estat\u00edstica n\u00e3o foi quebrada&#8221; e ser\u00e1 poss\u00edvel &#8220;comparar 2025 com 2015, por exemplo&#8221;, porque os crit\u00e9rios ser\u00e3o os mesmos.<\/p>\n<p>A<a href=\"https:\/\/www.publico.pt\/aima\" rel=\"nofollow noopener\" target=\"_blank\"> AIMA <\/a>&#8220;recolhe interac\u00e7\u00f5es e n\u00e3o necessariamente um n\u00famero sequencial de processos&#8221;, explicou, na sua interven\u00e7\u00e3o, Pedro G\u00f3is, que disse preferir n\u00e3o comentar os n\u00fameros p\u00fablicos.<\/p>\n<p>&#8220;N\u00e3o queremos transmitir uma informa\u00e7\u00e3o da qual n\u00e3o estamos totalmente certos&#8221;, disse o respons\u00e1vel, resumindo: &#8220;os dados administrativos s\u00e3o da AIMA, os dados estat\u00edsticos da popula\u00e7\u00e3o residente estrangeira em Portugal s\u00e3o do INE&#8221;.<\/p>\n<p>M\u00f3nica Isfan, do OM, explicou o novo &#8220;dashboard&#8221; de recolha de dados que vai permitir harmonizar a informa\u00e7\u00e3o estat\u00edstica sobre imigrantes, salientando que j\u00e1 est\u00e3o a ser celebrados protocolos de colabora\u00e7\u00e3o.<\/p>\n<p>Segundo a t\u00e9cnica da OM, quest\u00f5es como a &#8220;migra\u00e7\u00e3o irregular, mobilidade circular ou trabalho informal permanecem pouco observadas&#8221; nas bases estat\u00edsticas.<\/p>\n<p>No seu entender, o observat\u00f3rio deve &#8220;ser visto num papel de curadoria cient\u00edfica da informa\u00e7\u00e3o migrat\u00f3ria, promovendo a harmoniza\u00e7\u00e3o e a sistematiza\u00e7\u00e3o desta informa\u00e7\u00e3o&#8221;, fazendo a &#8220;leitura comparada de todos os dados dispon\u00edveis&#8221;.<\/p>\n","protected":false},"excerpt":{"rendered":"O Observat\u00f3rio das Migra\u00e7\u00f5es (OM) est\u00e1 a concluir um reposit\u00f3rio de dados sobre imigrantes em Portugal, para tentar&hellip;\n","protected":false},"author":2,"featured_media":195182,"comment_status":"","ping_status":"","sticky":false,"template":"","format":"standard","meta":{"footnotes":""},"categories":[10],"tags":[1964,27,28,15,16,14,1481,4860,25,26,21,22,12,13,19,20,542,52,32,23,24,33,17,18,29,30,31],"class_list":{"0":"post-195181","1":"post","2":"type-post","3":"status-publish","4":"format-standard","5":"has-post-thumbnail","7":"category-portugal","8":"tag-aima","9":"tag-breaking-news","10":"tag-breakingnews","11":"tag-featured-news","12":"tag-featurednews","13":"tag-headlines","14":"tag-imigracao","15":"tag-ine","16":"tag-latest-news","17":"tag-latestnews","18":"tag-main-news","19":"tag-mainnews","20":"tag-news","21":"tag-noticias","22":"tag-noticias-principais","23":"tag-noticiasprincipais","24":"tag-para-redes","25":"tag-politica","26":"tag-portugal","27":"tag-principais-noticias","28":"tag-principaisnoticias","29":"tag-pt","30":"tag-top-stories","31":"tag-topstories","32":"tag-ultimas","33":"tag-ultimas-noticias","34":"tag-ultimasnoticias"},"share_on_mastodon":{"url":"https:\/\/pubeurope.com\/@pt\/115747997972311209","error":""},"_links":{"self":[{"href":"https:\/\/www.europesays.com\/pt\/wp-json\/wp\/v2\/posts\/195181","targetHints":{"allow":["GET"]}}],"collection":[{"href":"https:\/\/www.europesays.com\/pt\/wp-json\/wp\/v2\/posts"}],"about":[{"href":"https:\/\/www.europesays.com\/pt\/wp-json\/wp\/v2\/types\/post"}],"author":[{"embeddable":true,"href":"https:\/\/www.europesays.com\/pt\/wp-json\/wp\/v2\/users\/2"}],"replies":[{"embeddable":true,"href":"https:\/\/www.europesays.com\/pt\/wp-json\/wp\/v2\/comments?post=195181"}],"version-history":[{"count":0,"href":"https:\/\/www.europesays.com\/pt\/wp-json\/wp\/v2\/posts\/195181\/revisions"}],"wp:featuredmedia":[{"embeddable":true,"href":"https:\/\/www.europesays.com\/pt\/wp-json\/wp\/v2\/media\/195182"}],"wp:attachment":[{"href":"https:\/\/www.europesays.com\/pt\/wp-json\/wp\/v2\/media?parent=195181"}],"wp:term":[{"taxonomy":"category","embeddable":true,"href":"https:\/\/www.europesays.com\/pt\/wp-json\/wp\/v2\/categories?post=195181"},{"taxonomy":"post_tag","embeddable":true,"href":"https:\/\/www.europesays.com\/pt\/wp-json\/wp\/v2\/tags?post=195181"}],"curies":[{"name":"wp","href":"https:\/\/api.w.org\/{rel}","templated":true}]}}