{"id":195185,"date":"2025-12-19T19:57:13","date_gmt":"2025-12-19T19:57:13","guid":{"rendered":"https:\/\/www.europesays.com\/pt\/195185\/"},"modified":"2025-12-19T19:57:13","modified_gmt":"2025-12-19T19:57:13","slug":"david-cardoso-jr-detona-o-sbt-apos-ser-dispensado-da-emissora","status":"publish","type":"post","link":"https:\/\/www.europesays.com\/pt\/195185\/","title":{"rendered":"David Cardoso Jr. detona o SBT ap\u00f3s ser dispensado da emissora"},"content":{"rendered":"<p><strong>David Cardoso Jr.<\/strong> voltou a detonar publicamente o\u00a0<strong>SBT <\/strong>ap\u00f3s ser dispensado pela emissora, que informou que ele n\u00e3o far\u00e1 mais parte de suas atra\u00e7\u00f5es em 2026. A decis\u00e3o veio na esteira das cr\u00edticas que o ator fez\u00a0sobre a presen\u00e7a de autoridades do governo no lan\u00e7amento do <strong>SBT News<\/strong>.<\/p>\n<p>A situa\u00e7\u00e3o teve in\u00edcio com\u00a0<strong>Zez\u00e9 Di Camargo<\/strong>, que acusou as filhas de\u00a0<strong>Silvio Santos <\/strong>(1930-2024) de prostitiurem o <strong>SBT\u00a0<\/strong>ap\u00f3s visita do presidente <strong>Lula <\/strong>\u00e0 empresa. O cantor pediu para que seu especial de Natal n\u00e3o fosse exibido e teve seu desejado acatado, sndo substitu\u00eddo por epis\u00f3dios e in\u00e9ditos do seriado mexicano <strong>Chaves<\/strong>.<\/p>\n<p>Em um longo desabafo divulgado compartilhado em seu perfil no Instagram, <strong>David Cardoso Jr.\u00a0<\/strong>afirmou que deixou de ser bem-vindo\u00a0no <strong>SBT <\/strong>por, segundo ele, defender princ\u00edpios que sempre fizeram parte da hist\u00f3ria do canal de Osasco.<\/p>\n<p>&#8220;Sou persona non grata no SBT enquanto o Lula, persona non grata em Israel, \u00e9 bem-quisto numa emissora fundada por um judeu&#8221;, disparou ator, fazendo refer\u00eancias \u00e0s origens judaicas de <strong>Silvio Santos<\/strong>.<\/p>\n<p>Al\u00e9m disso, <strong>David\u00a0<\/strong>tamb\u00e9m fez cr\u00edticas a rela\u00e7\u00e3o profissional com o\u00a0<strong>SBT<\/strong>: &#8220;Nunca me deram um contrato, nunca me deram um plano de sa\u00fade. Mas eu n\u00e3o tenho m\u00e1goa nenhuma, eu s\u00f3 tenho amigos l\u00e1 dentro&#8221;.<\/p>\n<p>Ao final, <strong>David Cardoso Jr. <\/strong>voltou a manifestar apoio a <strong>Zez\u00e9 Di Camargo<\/strong>, mas ressaltou concordou com a fala do cantor sobre as filhas do <strong>Silvio Santos<\/strong> estarem \u201cpr0stituindo\u201d o SBT.<\/p>\n<blockquote class=\"instagram-media\" style=\"background: #FFF; border: 0; border-radius: 3px; box-shadow: 0 0 1px 0 rgba(0,0,0,0.5),0 1px 10px 0 rgba(0,0,0,0.15); margin: 1px; max-width: 540px; min-width: 326px; padding: 0; width: calc(100% - 2px);\" data-instgrm-captioned=\"\" data-instgrm-permalink=\"https:\/\/www.instagram.com\/reel\/DSamxA7kYqL\/?utm_source=ig_embed&amp;utm_campaign=loading\" data-instgrm-version=\"14\"><p>&#13;<br \/>\n&#13;\n<\/p><\/blockquote>\n<p>            <script async src=\"\/\/www.instagram.com\/embed.js\"><\/script><\/p>\n","protected":false},"excerpt":{"rendered":"David Cardoso Jr. voltou a detonar publicamente o\u00a0SBT ap\u00f3s ser dispensado pela emissora, que informou que ele n\u00e3o&hellip;\n","protected":false},"author":2,"featured_media":195186,"comment_status":"","ping_status":"","sticky":false,"template":"","format":"standard","meta":{"footnotes":""},"categories":[145],"tags":[211,210,39053,114,115,32,33,936],"class_list":{"0":"post-195185","1":"post","2":"type-post","3":"status-publish","4":"format-standard","5":"has-post-thumbnail","7":"category-celebridades","8":"tag-celebridades","9":"tag-celebrities","10":"tag-david-cardoso-jr","11":"tag-entertainment","12":"tag-entretenimento","13":"tag-portugal","14":"tag-pt","15":"tag-sbt"},"share_on_mastodon":{"url":"https:\/\/pubeurope.com\/@pt\/115748001747066701","error":""},"_links":{"self":[{"href":"https:\/\/www.europesays.com\/pt\/wp-json\/wp\/v2\/posts\/195185","targetHints":{"allow":["GET"]}}],"collection":[{"href":"https:\/\/www.europesays.com\/pt\/wp-json\/wp\/v2\/posts"}],"about":[{"href":"https:\/\/www.europesays.com\/pt\/wp-json\/wp\/v2\/types\/post"}],"author":[{"embeddable":true,"href":"https:\/\/www.europesays.com\/pt\/wp-json\/wp\/v2\/users\/2"}],"replies":[{"embeddable":true,"href":"https:\/\/www.europesays.com\/pt\/wp-json\/wp\/v2\/comments?post=195185"}],"version-history":[{"count":0,"href":"https:\/\/www.europesays.com\/pt\/wp-json\/wp\/v2\/posts\/195185\/revisions"}],"wp:featuredmedia":[{"embeddable":true,"href":"https:\/\/www.europesays.com\/pt\/wp-json\/wp\/v2\/media\/195186"}],"wp:attachment":[{"href":"https:\/\/www.europesays.com\/pt\/wp-json\/wp\/v2\/media?parent=195185"}],"wp:term":[{"taxonomy":"category","embeddable":true,"href":"https:\/\/www.europesays.com\/pt\/wp-json\/wp\/v2\/categories?post=195185"},{"taxonomy":"post_tag","embeddable":true,"href":"https:\/\/www.europesays.com\/pt\/wp-json\/wp\/v2\/tags?post=195185"}],"curies":[{"name":"wp","href":"https:\/\/api.w.org\/{rel}","templated":true}]}}