{"id":195187,"date":"2025-12-19T20:02:10","date_gmt":"2025-12-19T20:02:10","guid":{"rendered":"https:\/\/www.europesays.com\/pt\/195187\/"},"modified":"2025-12-19T20:02:10","modified_gmt":"2025-12-19T20:02:10","slug":"o-mandaloriano-grogu-poe-din-djarin-em-luta-arriscada-em-nova-previa","status":"publish","type":"post","link":"https:\/\/www.europesays.com\/pt\/195187\/","title":{"rendered":"O Mandaloriano &#038; Grogu p\u00f5e Din Djarin em luta arriscada em nova pr\u00e9via"},"content":{"rendered":"<p class=\"wp-block-yoast-seo-estimated-reading-time yoast-reading-time__wrapper\">Estimated reading time: 2 minutos<\/p>\n<p>O lan\u00e7amento de um novo trailer de <a href=\"https:\/\/ovicio.com.br\/filme\/the-mandalorian-grogu\" target=\"_blank\" rel=\"noreferrer noopener nofollow\">O Mandaloriano &amp; Grogu (2026)<\/a> \u00e9 iminente, enquanto o pr\u00f3ximo filme de <a href=\"https:\/\/ovicio.com.br\/tag\/star-wars\" target=\"_blank\" rel=\"noreferrer noopener nofollow\">Star Wars<\/a> para as telonas est\u00e1 ganhando uma pr\u00e9via in\u00e9dita com Din Djarin em a\u00e7\u00e3o.<\/p>\n<p>O vislumbre compartilhado nas redes, traz o protagonista de <a href=\"https:\/\/ovicio.com.br\/tag\/pedro-pascal\" target=\"_blank\" rel=\"noreferrer noopener nofollow\">Pedro Pascal<\/a> em uma arena de luta contra outras criaturas gigantes, enquanto trava uma batalha por sua vida. Assista:<\/p>\n<p>O cen\u00e1rio, vale destacar, parece se tratar da loca\u00e7\u00e3o em que o guerreiro ir\u00e1 encontrar <strong>Rotta, o Hutt<\/strong>, o filho de Jabba que ser\u00e1 interpretado por <a href=\"https:\/\/ovicio.com.br\/tag\/jeremy-allen-white\" target=\"_blank\" rel=\"noreferrer noopener nofollow\">Jeremy Allen White<\/a> (O Urso) na trama.<\/p>\n<p>Marcando o retorno da saga aos cinemas, no longa, Din Djarin descobrir\u00e1 uma grande conspira\u00e7\u00e3o envolvendo remanescentes do Imp\u00e9rio, enquanto atua como o mais novo aliado da Nova Rep\u00fablica.<\/p>\n<p>Com dire\u00e7\u00e3o de <a href=\"https:\/\/ovicio.com.br\/tag\/jon-favreau\" target=\"_blank\" rel=\"noreferrer noopener nofollow\">Jon Favreau<\/a>, criador da s\u00e9rie do personagem, <strong>O Mandaloriano &amp; Grogu<\/strong> tem lan\u00e7amento agendado para<strong> 22 de maio de 2026 <\/strong>nos cinemas.<\/p>\n<p>Leia mais sobre O Mandaloriano &amp; Grogu:<\/p>\n<p><strong>Fonte:<\/strong> <a href=\"https:\/\/x.com\/Alex2020ozion\/status\/2001406788961194089\" target=\"_blank\" rel=\"noreferrer noopener nofollow\">X\/Twitter<\/a>.<\/p>\n","protected":false},"excerpt":{"rendered":"Estimated reading time: 2 minutos O lan\u00e7amento de um novo trailer de O Mandaloriano &amp; Grogu (2026) \u00e9&hellip;\n","protected":false},"author":2,"featured_media":195188,"comment_status":"","ping_status":"","sticky":false,"template":"","format":"standard","meta":{"footnotes":""},"categories":[140],"tags":[114,115,147,148,28434,146,39054,4416,32,33,5418,39055],"class_list":{"0":"post-195187","1":"post","2":"type-post","3":"status-publish","4":"format-standard","5":"has-post-thumbnail","7":"category-filmes","8":"tag-entertainment","9":"tag-entretenimento","10":"tag-film","11":"tag-filmes","12":"tag-jon-favreau","13":"tag-movies","14":"tag-o-mandaloriano-grogu","15":"tag-pedro-pascal","16":"tag-portugal","17":"tag-pt","18":"tag-star-wars","19":"tag-the-mandalorian-grogu"},"share_on_mastodon":{"url":"https:\/\/pubeurope.com\/@pt\/115748021916932854","error":""},"_links":{"self":[{"href":"https:\/\/www.europesays.com\/pt\/wp-json\/wp\/v2\/posts\/195187","targetHints":{"allow":["GET"]}}],"collection":[{"href":"https:\/\/www.europesays.com\/pt\/wp-json\/wp\/v2\/posts"}],"about":[{"href":"https:\/\/www.europesays.com\/pt\/wp-json\/wp\/v2\/types\/post"}],"author":[{"embeddable":true,"href":"https:\/\/www.europesays.com\/pt\/wp-json\/wp\/v2\/users\/2"}],"replies":[{"embeddable":true,"href":"https:\/\/www.europesays.com\/pt\/wp-json\/wp\/v2\/comments?post=195187"}],"version-history":[{"count":0,"href":"https:\/\/www.europesays.com\/pt\/wp-json\/wp\/v2\/posts\/195187\/revisions"}],"wp:featuredmedia":[{"embeddable":true,"href":"https:\/\/www.europesays.com\/pt\/wp-json\/wp\/v2\/media\/195188"}],"wp:attachment":[{"href":"https:\/\/www.europesays.com\/pt\/wp-json\/wp\/v2\/media?parent=195187"}],"wp:term":[{"taxonomy":"category","embeddable":true,"href":"https:\/\/www.europesays.com\/pt\/wp-json\/wp\/v2\/categories?post=195187"},{"taxonomy":"post_tag","embeddable":true,"href":"https:\/\/www.europesays.com\/pt\/wp-json\/wp\/v2\/tags?post=195187"}],"curies":[{"name":"wp","href":"https:\/\/api.w.org\/{rel}","templated":true}]}}