{"id":195197,"date":"2025-12-19T20:08:41","date_gmt":"2025-12-19T20:08:41","guid":{"rendered":"https:\/\/www.europesays.com\/pt\/195197\/"},"modified":"2025-12-19T20:08:41","modified_gmt":"2025-12-19T20:08:41","slug":"contratos-para-comboios-de-alta-velocidade-aumentam-custos-com-ppp","status":"publish","type":"post","link":"https:\/\/www.europesays.com\/pt\/195197\/","title":{"rendered":"Contratos para comboios de alta velocidade aumentam custos com PPP"},"content":{"rendered":"<p data-remotead-prev-elm=\"true\" data-remotead-elm-id=\"inread\">De acordo com as proje\u00e7\u00f5es mais recentes do Minist\u00e9rio das Finan\u00e7as, os encargos globais l\u00edquidos das PPP dever\u00e3o registar um aumento tempor\u00e1rio j\u00e1 no pr\u00f3ximo ano. Para esse acr\u00e9scimo <strong>contribuem a entrada em funcionamento de novas parcerias ferrovi\u00e1rias, como a do tro\u00e7o Porto-Oi\u00e3 da futura linha de alta velocidade<\/strong>, bem como o efeito base de receitas extraordin\u00e1rias do setor rodovi\u00e1rio recebidas em 2025, que n\u00e3o se repetir\u00e3o no ano seguinte.<\/p>\n","protected":false},"excerpt":{"rendered":"De acordo com as proje\u00e7\u00f5es mais recentes do Minist\u00e9rio das Finan\u00e7as, os encargos globais l\u00edquidos das PPP dever\u00e3o&hellip;\n","protected":false},"author":2,"featured_media":195198,"comment_status":"","ping_status":"","sticky":false,"template":"","format":"standard","meta":{"footnotes":""},"categories":[83],"tags":[88,23549,476,89,90,619,15083,3658,32,39061,33,19836],"class_list":{"0":"post-195197","1":"post","2":"type-post","3":"status-publish","4":"format-standard","5":"has-post-thumbnail","7":"category-empresas","8":"tag-business","9":"tag-despesa-publica","10":"tag-economia","11":"tag-economy","12":"tag-empresas","13":"tag-nacional","14":"tag-orcamento-de-estado","15":"tag-pib","16":"tag-portugal","17":"tag-ppp","18":"tag-pt","19":"tag-tgv"},"share_on_mastodon":{"url":"https:\/\/pubeurope.com\/@pt\/115748045008325200","error":""},"_links":{"self":[{"href":"https:\/\/www.europesays.com\/pt\/wp-json\/wp\/v2\/posts\/195197","targetHints":{"allow":["GET"]}}],"collection":[{"href":"https:\/\/www.europesays.com\/pt\/wp-json\/wp\/v2\/posts"}],"about":[{"href":"https:\/\/www.europesays.com\/pt\/wp-json\/wp\/v2\/types\/post"}],"author":[{"embeddable":true,"href":"https:\/\/www.europesays.com\/pt\/wp-json\/wp\/v2\/users\/2"}],"replies":[{"embeddable":true,"href":"https:\/\/www.europesays.com\/pt\/wp-json\/wp\/v2\/comments?post=195197"}],"version-history":[{"count":0,"href":"https:\/\/www.europesays.com\/pt\/wp-json\/wp\/v2\/posts\/195197\/revisions"}],"wp:featuredmedia":[{"embeddable":true,"href":"https:\/\/www.europesays.com\/pt\/wp-json\/wp\/v2\/media\/195198"}],"wp:attachment":[{"href":"https:\/\/www.europesays.com\/pt\/wp-json\/wp\/v2\/media?parent=195197"}],"wp:term":[{"taxonomy":"category","embeddable":true,"href":"https:\/\/www.europesays.com\/pt\/wp-json\/wp\/v2\/categories?post=195197"},{"taxonomy":"post_tag","embeddable":true,"href":"https:\/\/www.europesays.com\/pt\/wp-json\/wp\/v2\/tags?post=195197"}],"curies":[{"name":"wp","href":"https:\/\/api.w.org\/{rel}","templated":true}]}}