{"id":195199,"date":"2025-12-19T20:12:51","date_gmt":"2025-12-19T20:12:51","guid":{"rendered":"https:\/\/www.europesays.com\/pt\/195199\/"},"modified":"2025-12-19T20:12:51","modified_gmt":"2025-12-19T20:12:51","slug":"roubaram-um-carro-em-ovar-mas-foram-apanhados-porque-tinham-airpods","status":"publish","type":"post","link":"https:\/\/www.europesays.com\/pt\/195199\/","title":{"rendered":"Roubaram um carro em Ovar mas foram apanhados porque tinham AirPods"},"content":{"rendered":"<p>\t                Auriculares com sistema de localiza\u00e7\u00e3o em tempo real permitiram deter suspeitos<\/p>\n<p>Auriculares com sistema de localiza\u00e7\u00e3o permitiram na ter\u00e7a-feira \u00e0 PSP deter um homem de 41 anos e uma mulher de 45, no Bairro Pinheiro Torres, no Porto, suspeitos de furtar um autom\u00f3vel num posto de combust\u00edveis em Ovar.<\/p>\n<p>Em comunicado, a PSP revelou esta quinta-feira que foi poss\u00edvel localizar e intercetar a viatura pelo facto de dentro da mesma existirem \u201cAirpods da Apple, os quais possuem sistema de localiza\u00e7\u00e3o em tempo real\u201d.<\/p>\n<p>O carro tinha sido furtado horas antes, num posto de abastecimento de combust\u00edvel naquele concelho do distrito de Aveiro.<\/p>\n<p>Segundo a PSP, no momento da abordagem, o condutor tentou a fuga, acabando por embater na viatura da pol\u00edcia.<\/p>\n<p>No seguimento das dilig\u00eancias, \u201cfoi apurado que na desloca\u00e7\u00e3o entre Ovar e o Porto os detidos abasteceram gasolina num posto de abastecimento em Arcozelo, no valor de 20,15 euros, usando para pagar um cart\u00e3o multibanco que deu como cancelado, ap\u00f3s o que se puseram novamente em fuga.<\/p>\n<p>Ap\u00f3s as deten\u00e7\u00f5es, acrescenta, foram encontrados no interior do carro v\u00e1rios artigos furtados em dois estabelecimentos comerciais em Ovar, nomeadamente uma televis\u00e3o no valor de 190 euros, duas caixas de caf\u00e9, uma garrafa de licor, um chocolate, um creme hidratante, carnes embaladas com alarme e v\u00e1rios produtos de higiene, material avaliado em cerca de 130 euros.<\/p>\n<p>Presentes hoje ao juiz de Instru\u00e7\u00e3o Criminal de Aveiro, foi aplicada ao homem a medida de coa\u00e7\u00e3o de pris\u00e3o preventiva, enquanto a mulher ficou sujeita a apresenta\u00e7\u00f5es peri\u00f3dicas.<\/p>\n","protected":false},"excerpt":{"rendered":"Auriculares com sistema de localiza\u00e7\u00e3o em tempo real permitiram deter suspeitos Auriculares com sistema de localiza\u00e7\u00e3o permitiram na&hellip;\n","protected":false},"author":2,"featured_media":187085,"comment_status":"","ping_status":"","sticky":false,"template":"","format":"standard","meta":{"footnotes":""},"categories":[10],"tags":[8575,609,836,611,247,27,28,607,608,333,832,604,135,610,476,15,16,301,830,14,603,25,26,570,21,22,831,833,62,834,12,13,19,20,835,30597,602,52,32,23,24,1306,33,5941,17,18,29,30,31],"class_list":{"0":"post-195199","1":"post","2":"type-post","3":"status-publish","4":"format-standard","5":"has-post-thumbnail","7":"category-portugal","8":"tag-airpods","9":"tag-alerta","10":"tag-analise","11":"tag-ao-minuto","12":"tag-apple","13":"tag-breaking-news","14":"tag-breakingnews","15":"tag-cnn","16":"tag-cnn-portugal","17":"tag-comentadores","18":"tag-costa","19":"tag-crime","20":"tag-desporto","21":"tag-direto","22":"tag-economia","23":"tag-featured-news","24":"tag-featurednews","25":"tag-governo","26":"tag-guerra","27":"tag-headlines","28":"tag-justica","29":"tag-latest-news","30":"tag-latestnews","31":"tag-live","32":"tag-main-news","33":"tag-mainnews","34":"tag-mais-vistas","35":"tag-marcelo","36":"tag-mundo","37":"tag-negocios","38":"tag-news","39":"tag-noticias","40":"tag-noticias-principais","41":"tag-noticiasprincipais","42":"tag-opiniao","43":"tag-ovar","44":"tag-pais","45":"tag-politica","46":"tag-portugal","47":"tag-principais-noticias","48":"tag-principaisnoticias","49":"tag-psp","50":"tag-pt","51":"tag-roubo","52":"tag-top-stories","53":"tag-topstories","54":"tag-ultimas","55":"tag-ultimas-noticias","56":"tag-ultimasnoticias"},"share_on_mastodon":{"url":"","error":"Validation failed: Text character limit of 500 exceeded"},"_links":{"self":[{"href":"https:\/\/www.europesays.com\/pt\/wp-json\/wp\/v2\/posts\/195199","targetHints":{"allow":["GET"]}}],"collection":[{"href":"https:\/\/www.europesays.com\/pt\/wp-json\/wp\/v2\/posts"}],"about":[{"href":"https:\/\/www.europesays.com\/pt\/wp-json\/wp\/v2\/types\/post"}],"author":[{"embeddable":true,"href":"https:\/\/www.europesays.com\/pt\/wp-json\/wp\/v2\/users\/2"}],"replies":[{"embeddable":true,"href":"https:\/\/www.europesays.com\/pt\/wp-json\/wp\/v2\/comments?post=195199"}],"version-history":[{"count":0,"href":"https:\/\/www.europesays.com\/pt\/wp-json\/wp\/v2\/posts\/195199\/revisions"}],"wp:featuredmedia":[{"embeddable":true,"href":"https:\/\/www.europesays.com\/pt\/wp-json\/wp\/v2\/media\/187085"}],"wp:attachment":[{"href":"https:\/\/www.europesays.com\/pt\/wp-json\/wp\/v2\/media?parent=195199"}],"wp:term":[{"taxonomy":"category","embeddable":true,"href":"https:\/\/www.europesays.com\/pt\/wp-json\/wp\/v2\/categories?post=195199"},{"taxonomy":"post_tag","embeddable":true,"href":"https:\/\/www.europesays.com\/pt\/wp-json\/wp\/v2\/tags?post=195199"}],"curies":[{"name":"wp","href":"https:\/\/api.w.org\/{rel}","templated":true}]}}