{"id":195200,"date":"2025-12-19T20:13:08","date_gmt":"2025-12-19T20:13:08","guid":{"rendered":"https:\/\/www.europesays.com\/pt\/195200\/"},"modified":"2025-12-19T20:13:08","modified_gmt":"2025-12-19T20:13:08","slug":"dez-pessoas-envolvidas-em-desacatos-no-mercado-de-benfica-observador","status":"publish","type":"post","link":"https:\/\/www.europesays.com\/pt\/195200\/","title":{"rendered":"Dez pessoas envolvidas em desacatos no Mercado de Benfica \u2013 Observador"},"content":{"rendered":"<p>A PSP foi acionada para desacatos no Mercado de Benfica na tarde desta sexta-feira, que envolveram dez pessoas, avan\u00e7ou o <a href=\"https:\/\/www.cmjornal.pt\/portugal\/detalhe\/psp-acionada-para-o-mercado-de-benfica-devido-a-confrontos-entre-10-pessoas-foram-recolhidos-involucros-de-municoes\" target=\"_blank\" rel=\"noopener nofollow\">Correio da Manh\u00e3<\/a> e confirmou o Observador.<\/p>\n<p>Fonte da PSP indica que o alerta foi recebido por volta das 15 horas e que est\u00e3o envolvidos cerca de dez indiv\u00edduos de nacionalidade romena. Foram identificados, mas n\u00e3o foram feitas deten\u00e7\u00f5es.<\/p>\n<p>As autoridades tamb\u00e9m recolheram inv\u00f3lucros de muni\u00e7\u00f5es no local. N\u00e3o h\u00e1 feridos resultantes destes desacatos.<\/p>\n<p>O caso vai agora ser investigado pela Pol\u00edcia Judici\u00e1ria (PJ).<\/p>\n","protected":false},"excerpt":{"rendered":"A PSP foi acionada para desacatos no Mercado de Benfica na tarde desta sexta-feira, que envolveram dez pessoas,&hellip;\n","protected":false},"author":2,"featured_media":195201,"comment_status":"","ping_status":"","sticky":false,"template":"","format":"standard","meta":{"footnotes":""},"categories":[8],"tags":[27,28,15,16,14,300,25,26,797,21,22,12,13,19,20,57,2003,3918,32,23,24,1306,33,2004,58,17,18,29,30,31],"class_list":{"0":"post-195200","1":"post","2":"type-post","3":"status-publish","4":"format-standard","5":"has-post-thumbnail","7":"category-principais-noticias","8":"tag-breaking-news","9":"tag-breakingnews","10":"tag-featured-news","11":"tag-featurednews","12":"tag-headlines","13":"tag-justiu00e7a","14":"tag-latest-news","15":"tag-latestnews","16":"tag-lisboa","17":"tag-main-news","18":"tag-mainnews","19":"tag-news","20":"tag-noticias","21":"tag-noticias-principais","22":"tag-noticiasprincipais","23":"tag-pau00eds","24":"tag-polu00edcia","25":"tag-polu00edcia-judiciu00e1ria","26":"tag-portugal","27":"tag-principais-noticias","28":"tag-principaisnoticias","29":"tag-psp","30":"tag-pt","31":"tag-seguranu00e7a","32":"tag-sociedade","33":"tag-top-stories","34":"tag-topstories","35":"tag-ultimas","36":"tag-ultimas-noticias","37":"tag-ultimasnoticias"},"share_on_mastodon":{"url":"https:\/\/pubeurope.com\/@pt\/115748065261729416","error":""},"_links":{"self":[{"href":"https:\/\/www.europesays.com\/pt\/wp-json\/wp\/v2\/posts\/195200","targetHints":{"allow":["GET"]}}],"collection":[{"href":"https:\/\/www.europesays.com\/pt\/wp-json\/wp\/v2\/posts"}],"about":[{"href":"https:\/\/www.europesays.com\/pt\/wp-json\/wp\/v2\/types\/post"}],"author":[{"embeddable":true,"href":"https:\/\/www.europesays.com\/pt\/wp-json\/wp\/v2\/users\/2"}],"replies":[{"embeddable":true,"href":"https:\/\/www.europesays.com\/pt\/wp-json\/wp\/v2\/comments?post=195200"}],"version-history":[{"count":0,"href":"https:\/\/www.europesays.com\/pt\/wp-json\/wp\/v2\/posts\/195200\/revisions"}],"wp:featuredmedia":[{"embeddable":true,"href":"https:\/\/www.europesays.com\/pt\/wp-json\/wp\/v2\/media\/195201"}],"wp:attachment":[{"href":"https:\/\/www.europesays.com\/pt\/wp-json\/wp\/v2\/media?parent=195200"}],"wp:term":[{"taxonomy":"category","embeddable":true,"href":"https:\/\/www.europesays.com\/pt\/wp-json\/wp\/v2\/categories?post=195200"},{"taxonomy":"post_tag","embeddable":true,"href":"https:\/\/www.europesays.com\/pt\/wp-json\/wp\/v2\/tags?post=195200"}],"curies":[{"name":"wp","href":"https:\/\/api.w.org\/{rel}","templated":true}]}}