{"id":195220,"date":"2025-12-19T20:36:26","date_gmt":"2025-12-19T20:36:26","guid":{"rendered":"https:\/\/www.europesays.com\/pt\/195220\/"},"modified":"2025-12-19T20:36:26","modified_gmt":"2025-12-19T20:36:26","slug":"var-e-avar-do-santa-clara-sporting-pedem-dispensa-da-proxima-jornada-da-liga-futebol-nacional","status":"publish","type":"post","link":"https:\/\/www.europesays.com\/pt\/195220\/","title":{"rendered":"VAR e AVAR do Santa Clara-Sporting pedem dispensa da pr\u00f3xima jornada da Liga | Futebol nacional"},"content":{"rendered":"<p>O v\u00eddeo-\u00e1rbitro (VAR) Rui Silva e o assistente de v\u00eddeo-\u00e1rbitro (AVAR) Tiago Leandro do jogo de quinta-feira entre <a href=\"https:\/\/www.publico.pt\/2025\/12\/18\/desporto\/cronica_de_jogo\/video-salvou-sporting-eliminacao-taca-2158654\" rel=\"nofollow noopener\" target=\"_blank\">Santa Clara e Sporting<\/a> e que est\u00e3o no centro da pol\u00e9mica por causa do lance da grande penalidade que permitiu ao Sporting empatar a partida j\u00e1 em per\u00edodo de descontos (os \u201cle\u00f5es\u201d viriam a vencer por 3-2, ap\u00f3s prolongamento), pediram dispensa da jornada deste fim-de-semana da I Liga.<\/p>\n<p>A confirma\u00e7\u00e3o surgiu por parte da Federa\u00e7\u00e3o Portuguesa de Futebol, com esta entidade a revelar que foram os pr\u00f3prios \u00e1rbitros que solicitaram a dispensa da sua presen\u00e7a em qualquer partida da 15.\u00aa jornada da competi\u00e7\u00e3o. Rui Silva estava escalado para estar como VAR no Tondela-Casa Pia, enquanto Tiago Leandro estaria no Estoril-Sp. Braga. J\u00e1 Jo\u00e3o Pinheiro continua nomeado para apitar a partida entre o Alverca e o FC Porto, na segunda-feira.<\/p>\n<p>A pol\u00e9mica envolve o lance que permitiu ao Sporting fazer o 2-2, na convers\u00e3o de uma grande penalidade na partida dos oitavos-de-final da Ta\u00e7a de Portugal e, assim, evitar uma poss\u00edvel elimina\u00e7\u00e3o da prova, levando o jogo para prolongamento que viria a terminar com o resultado em 3-2 favor\u00e1vel aos \u201cle\u00f5es\u201d. A jogada (alegada agress\u00e3o de Tiago Duarte ao sportinguista Hjulmand na \u00e1rea do Santa Clara) esteve em an\u00e1lise pelo VAR durante 14 minutos, tendo depois sido solicitado ao \u00e1rbitro Jo\u00e3o Pinheiro para visualizar as imagens. De seguida, Jo\u00e3o Pinheiro decidiu por assinalar grande penalidade.<\/p>\n<p>Santa Clara quer anular o jogo<\/p>\n<p>As ondas de choque relativamente ao caso continuam e nesta sexta-feira o presidente da SAD do Santa Clara revelou que o clube a\u00e7oriano pondera vir a pedir a anula\u00e7\u00e3o da partida.<\/p>\n<p>&#8220;Pedimos para ouvir os \u00e1udios do VAR do lance do pen\u00e1lti. Queremos entender o porqu\u00ea de o VAR (e pelo protocolo ele s\u00f3 deve actuar com certeza do lance) demorar mais de 10 minutos de revis\u00e3o. Facto que nunca presenciei no futebol&#8221;, escreveu Bruno Vicintin no Instagram, presidente da SAD do Santa Clara,a crescentando que o clube insular foi informado &#8220;extra-oficialmente de que a tecnologia n\u00e3o funcionou e as linhas n\u00e3o foram apresentadas na transmiss\u00e3o&#8221;, referindo-se a uma eventual posi\u00e7\u00e3o de fora-de-jogo de Hjulmand, no mesmo lance. &#8220;Esperamos que n\u00e3o seja verdade&#8221;, continua, advertindo depois: &#8220;Se [o VAR] tomar uma decis\u00e3o por uma tecnologia que n\u00e3o foi apresentada pode at\u00e9 ser erro de direito e levar, na minha opini\u00e3o, \u00e0 anula\u00e7\u00e3o da partida&#8221;.<\/p>\n<p>Vicintin revela ainda que o Santa Clara pretende pedir a &#8220;anula\u00e7\u00e3o da expuls\u00e3o do Paulo Victor para que ele possa participar na pr\u00f3xima partida&#8221;. Paulo Victor viu o cart\u00e3o vermelho minutos antes do lance da grande penalidade e, na opini\u00e3o de Vicintin, as imagens s\u00e3o claras: &#8220;Ele nem participa no lance e \u00e9 assustador o VAR n\u00e3o ter chamado para revis\u00e3o. Esperamos que justi\u00e7a seja feita e que n\u00e3o sejamos ainda mais prejudicados&#8221; escreveu.<\/p>\n<p>Comunicados dos rivais<\/p>\n<p>Ainda o jogo nos A\u00e7ores n\u00e3o tinha acabado e j\u00e1 o Benfica tinha emitido um comunicado no qual criticaram fortemente o ocorrido em S\u00e3o Miguel. &#8220;O que se passou neste jogo da Ta\u00e7a de Portugal nos A\u00e7ores \u00e9 inqualific\u00e1vel e inaceit\u00e1vel para a credibilidade do futebol portugu\u00eas. Doze minutos para encontrarem um pen\u00e1lti para beneficiar a mesma equipa de sempre, vez ap\u00f3s vez. No mesmo campo onde o ano passado uma grande penalidade clara e evidente contra o Sporting nem mereceu a aten\u00e7\u00e3o do VAR e onde, j\u00e1 esta \u00e9poca, venceu com um canto fantasma. Fen\u00f3menos que acontecem sempre que o Sporting n\u00e3o est\u00e1 a ganhar.&#8221;<\/p>\n<p>J\u00e1 nesta sexta-feira foi a vez de o FC Porto emitir o seu comunicado, n\u00e3o tanto dirigido ao jogo em concreto, mas apontando as baterias aos \u00f3rg\u00e3o dirigentes da arbitragem nacional e at\u00e9 ao presidente da FPF, Pedro Proen\u00e7a.<\/p>\n<p>&#8220;Exige-se ao senhor presidente da Federa\u00e7\u00e3o Portuguesa de Futebol, Pedro Proen\u00e7a, at\u00e9 pelo seu reconhecido passado como \u00e1rbitro de primeira linha, uma pondera\u00e7\u00e3o profunda e a adop\u00e7\u00e3o de medidas urgentes sobre o funcionamento da arbitragem em Portugal, bem como sobre o desempenho de v\u00e1rias das suas escolhas para liderar este sector, nomeadamente o senhor presidente do Conselho de Arbitragem, Luciano Gon\u00e7alves, e o Director T\u00e9cnico Nacional de Arbitragem, Duarte Gomes&#8221;, escrevem os &#8220;drag\u00f5es&#8221;, num comunicado com cinco pontos e que \u00e9 assinado pela direc\u00e7\u00e3o do clube.<\/p>\n<p>E acrescentam: &#8220;Na \u00faltima semana, muito se falou sobre novos passos de &#8216;transpar\u00eancia&#8217; na arbitragem, a prop\u00f3sito das inovadoras &#8216;bodycams&#8217;. Apesar de, como foi vis\u00edvel ontem, os benef\u00edcios se resumirem a cosm\u00e9tica televisiva &#8211; mostrando um \u00e1rbitro 12 minutos parado no centro do campo \u00e0 espera de uma decis\u00e3o do VAR -, talvez fosse mais apropriado, em nome da t\u00e3o propalada transpar\u00eancia, resolver definitivamente quest\u00f5es determinantes para o futebol portugu\u00eas, como a uniformiza\u00e7\u00e3o da tecnologia VAR em todos os est\u00e1dios portugueses, a implementa\u00e7\u00e3o da tecnologia de linha de golo e do fora de jogo semiautom\u00e1tico, bem como a disponibiliza\u00e7\u00e3o imediata dos \u00e1udios do VAR&#8221;.<\/p>\n","protected":false},"excerpt":{"rendered":"O v\u00eddeo-\u00e1rbitro (VAR) Rui Silva e o assistente de v\u00eddeo-\u00e1rbitro (AVAR) Tiago Leandro do jogo de quinta-feira entre&hellip;\n","protected":false},"author":2,"featured_media":195221,"comment_status":"","ping_status":"","sticky":false,"template":"","format":"standard","meta":{"footnotes":""},"categories":[87],"tags":[3266,135,524,280,32,33,423,34,134,3142],"class_list":{"0":"post-195220","1":"post","2":"type-post","3":"status-publish","4":"format-standard","5":"has-post-thumbnail","7":"category-desporto","8":"tag-arbitragem","9":"tag-desporto","10":"tag-futebol","11":"tag-futebol-nacional","12":"tag-portugal","13":"tag-pt","14":"tag-santa-clara","15":"tag-sporting","16":"tag-sports","17":"tag-taca-de-portugal"},"share_on_mastodon":{"url":"https:\/\/pubeurope.com\/@pt\/115748155641913104","error":""},"_links":{"self":[{"href":"https:\/\/www.europesays.com\/pt\/wp-json\/wp\/v2\/posts\/195220","targetHints":{"allow":["GET"]}}],"collection":[{"href":"https:\/\/www.europesays.com\/pt\/wp-json\/wp\/v2\/posts"}],"about":[{"href":"https:\/\/www.europesays.com\/pt\/wp-json\/wp\/v2\/types\/post"}],"author":[{"embeddable":true,"href":"https:\/\/www.europesays.com\/pt\/wp-json\/wp\/v2\/users\/2"}],"replies":[{"embeddable":true,"href":"https:\/\/www.europesays.com\/pt\/wp-json\/wp\/v2\/comments?post=195220"}],"version-history":[{"count":0,"href":"https:\/\/www.europesays.com\/pt\/wp-json\/wp\/v2\/posts\/195220\/revisions"}],"wp:featuredmedia":[{"embeddable":true,"href":"https:\/\/www.europesays.com\/pt\/wp-json\/wp\/v2\/media\/195221"}],"wp:attachment":[{"href":"https:\/\/www.europesays.com\/pt\/wp-json\/wp\/v2\/media?parent=195220"}],"wp:term":[{"taxonomy":"category","embeddable":true,"href":"https:\/\/www.europesays.com\/pt\/wp-json\/wp\/v2\/categories?post=195220"},{"taxonomy":"post_tag","embeddable":true,"href":"https:\/\/www.europesays.com\/pt\/wp-json\/wp\/v2\/tags?post=195220"}],"curies":[{"name":"wp","href":"https:\/\/api.w.org\/{rel}","templated":true}]}}