{"id":195222,"date":"2025-12-19T20:37:19","date_gmt":"2025-12-19T20:37:19","guid":{"rendered":"https:\/\/www.europesays.com\/pt\/195222\/"},"modified":"2025-12-19T20:37:19","modified_gmt":"2025-12-19T20:37:19","slug":"o-que-exames-de-sangue-para-detectar-alzheimer-podem-dizer-19-12-2025-saude","status":"publish","type":"post","link":"https:\/\/www.europesays.com\/pt\/195222\/","title":{"rendered":"O que exames de sangue para detectar Alzheimer podem dizer &#8211; 19\/12\/2025 &#8211; Sa\u00fade"},"content":{"rendered":"<p>Enquanto cientistas correm para desenvolver simples <a href=\"https:\/\/www1.folha.uol.com.br\/equilibrioesaude\/2025\/06\/exame-de-sangue-pode-identificar-sinais-precoces-do-alzheimer-aponta-estudo-brasileiro.shtml\" rel=\"nofollow noopener\" target=\"\">exames de sangue que poderiam funcionar como um sistema de alerta<\/a> precoce para a doen\u00e7a de <a href=\"https:\/\/www1.folha.uol.com.br\/folha-topicos\/alzheimer\/\" rel=\"nofollow noopener\" target=\"\">Alzheimer<\/a>, soando o alarme antes que problemas de mem\u00f3ria apare\u00e7am, novas pesquisas mostram que acompanhar mudan\u00e7as em certos biomarcadores proteicos ao longo do tempo \u00e9 mais preciso do que confiar em um \u00fanico teste.<\/p>\n<p>Um estudo descobriu que a <a href=\"https:\/\/www1.folha.uol.com.br\/folha-topicos\/obesidade\/\" rel=\"nofollow noopener\" target=\"\">obesidade<\/a> pode mascarar sinais da doen\u00e7a ao diluir prote\u00ednas ligadas ao Alzheimer, tornando um \u00fanico exame de sangue menos confi\u00e1vel.<\/p>\n<p>Outro estudo publicado recentemente mostra que pessoas que se preocupavam com a mem\u00f3ria, mas apresentavam desempenho normal em testes cognitivos \u2014e tinham evid\u00eancias de Alzheimer precoce em seu l\u00edquido espinhal\u2014 mostraram um aumento mais acentuado dessas prote\u00ednas no sangue ao longo de cinco anos do que aquelas na mesma situa\u00e7\u00e3o sem a evid\u00eancia no l\u00edquido espinhal.<\/p>\n<p>Alguns desenvolveram posteriormente indicadores anormais ligados ao Alzheimer, apesar de testes iniciais normais.<\/p>\n<p>As pesquisas refletem avan\u00e7os para detectar o Alzheimer, mesmo que os testes ainda n\u00e3o estejam prontos para uso diagn\u00f3stico generalizado.<\/p>\n<p>Acelerando avan\u00e7os na detec\u00e7\u00e3o<\/p>\n<p>Por anos, detectar como o Alzheimer muda o c\u00e9rebro significou depender de exames cerebrais ou pun\u00e7\u00f5es lombares. Durante uma tomografia PET, m\u00e9dicos injetam um marcador radioativo que faz com que aglomerados de prote\u00edna amiloide se iluminem nas imagens cerebrais. Quando o amiloide se acumula anormalmente, pode desencadear mudan\u00e7as em outra prote\u00edna, tau, que eventualmente causa estragos na comunica\u00e7\u00e3o entre neur\u00f4nios e leva \u00e0 perda de mem\u00f3ria.<\/p>\n<p>Mas na pr\u00e1tica, as pessoas n\u00e3o recebem esses testes at\u00e9 estarem nos est\u00e1gios mais avan\u00e7ados do <a href=\"https:\/\/www1.folha.uol.com.br\/equilibrio\/2025\/08\/pessoas-que-socializam-mais-sao-mais-resistentes-ao-declinio-cognitivo.shtml\" rel=\"nofollow noopener\" target=\"\">decl\u00ednio cognitivo<\/a>. Eles podem ser caros e dif\u00edceis de conseguir. E o n\u00famero de pessoas diagnosticadas est\u00e1 aumentando, dizem especialistas.<\/p>\n<p>Por isso, em parte, a promessa dos testes de biomarcadores sangu\u00edneos avan\u00e7ou rapidamente nos \u00faltimos cinco anos. O FDA recentemente aprovou dois <a href=\"https:\/\/www1.folha.uol.com.br\/equilibrioesaude\/2025\/12\/exames-de-sangue-para-deteccao-de-cancer-estao-em-alta-mas-eles-funcionam.shtml\" rel=\"nofollow noopener\" target=\"\">exames de sangue<\/a> que detectam biomarcadores relacionados ao Alzheimer, e a Associa\u00e7\u00e3o de Alzheimer emitiu as primeiras diretrizes cl\u00ednicas para seu uso em ambientes de cuidados especializados.<\/p>\n<p>Os testes aprovados fazem coisas diferentes, diz Sheena Aurora, vice-presidente de assuntos m\u00e9dicos da Associa\u00e7\u00e3o de Alzheimer. Um, ela diz, \u00e9 um teste de &#8220;exclus\u00e3o&#8221; destinado a ajudar a determinar quando o ac\u00famulo de amiloide provavelmente n\u00e3o est\u00e1 causando os sintomas, sugerindo que algo al\u00e9m do Alzheimer poderia ser o culpado. O outro, ela diz, \u00e9 um teste de &#8220;inclus\u00e3o&#8221; destinado a especialistas. Quando ele retorna positivo, isso indica uma maior probabilidade de prote\u00ednas ligadas ao Alzheimer.<\/p>\n<p>Os testes s\u00e3o uma ferramenta, diz Aurora, observando que devem ser usados com outras medidas diagn\u00f3sticas \u2014hist\u00f3rico familiar, testes de triagem cognitiva e imagens. Estes s\u00e3o testes m\u00e9dicos que devem ser solicitados por um cl\u00ednico com experi\u00eancia que possa interpret\u00e1-los corretamente, diz.<\/p>\n<p>&#8220;A doen\u00e7a de Alzheimer come\u00e7a mais de 20 anos antes dos primeiros sintomas detect\u00e1veis aparecerem&#8221;, diz Cyrus A. Raji, neurorradiologista do Instituto de Radiologia Mallinckrodt da Escola de Medicina da Universidade de Washington. &#8220;Se pudermos identificar indiv\u00edduos que t\u00eam a doen\u00e7a de Alzheimer antes de terem <a href=\"https:\/\/www1.folha.uol.com.br\/equilibrioesaude\/2024\/12\/entenda-causas-da-demencia-e-como-preveni-la.shtml\" rel=\"nofollow noopener\" target=\"\">dem\u00eancia<\/a>, podemos ter mais sucesso na aplica\u00e7\u00e3o de tratamentos precoces.&#8221;<\/p>\n<p>Precis\u00e3o e complica\u00e7\u00f5es de doen\u00e7as cr\u00f4nicas<\/p>\n<p>H\u00e1 preocupa\u00e7\u00f5es pr\u00e1ticas a considerar, j\u00e1 que condi\u00e7\u00f5es cr\u00f4nicas podem amea\u00e7ar a confiabilidade dos resultados dos exames de sangue. Pesquisadores descobriram que a fun\u00e7\u00e3o renal afeta os resultados, tornando-os n\u00e3o confi\u00e1veis para cerca de um ter\u00e7o dos adultos mais velhos com problemas renais.<\/p>\n<p><a href=\"https:\/\/www1.folha.uol.com.br\/equilibrioesaude\/2025\/12\/apenas-10-dos-brasileiros-lembram-que-diabetes-pode-afetar-rins-diz-datafolha.shtml\" rel=\"nofollow noopener\" target=\"\">Disfun\u00e7\u00e3o renal<\/a> leve parecia afetar os n\u00edveis de v\u00e1rios biomarcadores sangu\u00edneos para a doen\u00e7a de Alzheimer, diz Corey Bolton, neuropsic\u00f3logo. O problema era mais forte para a cadeia leve de neurofilamento, um biomarcador comum que indica danos nervosos no c\u00e9rebro.<\/p>\n<p>Bolton diz que os resultados sublinham um desafio mais amplo. Diferentemente das tomografias PET ou pun\u00e7\u00f5es lombares, os exames de sangue devem lidar com o resto do corpo, no qual doen\u00e7a renal, <a href=\"https:\/\/www1.folha.uol.com.br\/folha-topicos\/obesidade\/\" rel=\"nofollow noopener\" target=\"\">obesidade<\/a>, condi\u00e7\u00f5es vasculares e at\u00e9 alguns medicamentos podem alterar os n\u00edveis de prote\u00edna e turvar o quadro.<\/p>\n<p>O estudo, que foi apoiado em parte pela Associa\u00e7\u00e3o de Alzheimer, mediu apenas os efeitos da doen\u00e7a renal cr\u00f4nica leve a moderada e n\u00e3o incluiu participantes com a forma mais grave da condi\u00e7\u00e3o.<\/p>\n<p>A import\u00e2ncia de testar ao longo do tempo<\/p>\n<p>Um estudo acompanhou 298 pessoas que sentiam que sua mem\u00f3ria estava diminuindo, mas ainda apresentavam desempenho normal em testes cognitivos por cinco anos. Os pesquisadores mediram prote\u00ednas ligadas ao Alzheimer no sangue a cada dois anos e realizaram avalia\u00e7\u00f5es cognitivas anuais.<\/p>\n<p>Eles descobriram que, ao longo do tempo, um aumento mais acentuado dessas prote\u00ednas, especialmente tau e \u00e1cido fibrilar glial, estava ligado a quedas mensur\u00e1veis no pensamento e \u00e0 progress\u00e3o para comprometimento cognitivo leve ou dem\u00eancia.<\/p>\n<p>Cerca de 20% dos participantes que come\u00e7aram com n\u00edveis normais de biomarcadores posteriormente desenvolveram n\u00edveis anormais, descobriu o estudo.<\/p>\n<p>Fazer m\u00faltiplos exames de sangue ao longo do tempo fornece uma imagem mais completa da sa\u00fade cognitiva de um paciente, em oposi\u00e7\u00e3o a um \u00fanico teste, que os pesquisadores dizem ser semelhante a um instant\u00e2neo de um momento no tempo.<\/p>\n<p>Raji testou 407 pessoas com os seis principais testes comerciais de sangue para biomarcadores. Os resultados iniciais pareciam indicar que um \u00edndice de massa corporal mais alto estava conectado a um potencial menor de sinais de Alzheimer tanto no sangue quanto em exames cerebrais.<\/p>\n<p>Mas com o tempo, o estudo mostrou que participantes com obesidade apresentaram aumentos dram\u00e1ticos nas prote\u00ednas ligadas ao Alzheimer. E os exames de sangue detectaram essas mudan\u00e7as de forma mais sens\u00edvel do que os exames cerebrais, que capturam apenas o ac\u00famulo de amiloide em est\u00e1gio avan\u00e7ado.<\/p>\n","protected":false},"excerpt":{"rendered":"Enquanto cientistas correm para desenvolver simples exames de sangue que poderiam funcionar como um sistema de alerta precoce&hellip;\n","protected":false},"author":2,"featured_media":195223,"comment_status":"","ping_status":"","sticky":false,"template":"","format":"standard","meta":{"footnotes":""},"categories":[86],"tags":[314,1031,4288,1029,2041,236,116,32,33,4426,117,1030,896],"class_list":{"0":"post-195222","1":"post","2":"type-post","3":"status-publish","4":"format-standard","5":"has-post-thumbnail","7":"category-saude","8":"tag-alzheimer","9":"tag-autocuidado","10":"tag-cerebro","11":"tag-cuide-se","12":"tag-demencia","13":"tag-folha","14":"tag-health","15":"tag-portugal","16":"tag-pt","17":"tag-sangue","18":"tag-saude","19":"tag-saude-mental","20":"tag-saude-publica"},"share_on_mastodon":{"url":"https:\/\/pubeurope.com\/@pt\/115748159648266907","error":""},"_links":{"self":[{"href":"https:\/\/www.europesays.com\/pt\/wp-json\/wp\/v2\/posts\/195222","targetHints":{"allow":["GET"]}}],"collection":[{"href":"https:\/\/www.europesays.com\/pt\/wp-json\/wp\/v2\/posts"}],"about":[{"href":"https:\/\/www.europesays.com\/pt\/wp-json\/wp\/v2\/types\/post"}],"author":[{"embeddable":true,"href":"https:\/\/www.europesays.com\/pt\/wp-json\/wp\/v2\/users\/2"}],"replies":[{"embeddable":true,"href":"https:\/\/www.europesays.com\/pt\/wp-json\/wp\/v2\/comments?post=195222"}],"version-history":[{"count":0,"href":"https:\/\/www.europesays.com\/pt\/wp-json\/wp\/v2\/posts\/195222\/revisions"}],"wp:featuredmedia":[{"embeddable":true,"href":"https:\/\/www.europesays.com\/pt\/wp-json\/wp\/v2\/media\/195223"}],"wp:attachment":[{"href":"https:\/\/www.europesays.com\/pt\/wp-json\/wp\/v2\/media?parent=195222"}],"wp:term":[{"taxonomy":"category","embeddable":true,"href":"https:\/\/www.europesays.com\/pt\/wp-json\/wp\/v2\/categories?post=195222"},{"taxonomy":"post_tag","embeddable":true,"href":"https:\/\/www.europesays.com\/pt\/wp-json\/wp\/v2\/tags?post=195222"}],"curies":[{"name":"wp","href":"https:\/\/api.w.org\/{rel}","templated":true}]}}