{"id":195228,"date":"2025-12-19T20:45:30","date_gmt":"2025-12-19T20:45:30","guid":{"rendered":"https:\/\/www.europesays.com\/pt\/195228\/"},"modified":"2025-12-19T20:45:30","modified_gmt":"2025-12-19T20:45:30","slug":"da-franca-a-ucrania-um-giro-pelos-mercados-de-natal","status":"publish","type":"post","link":"https:\/\/www.europesays.com\/pt\/195228\/","title":{"rendered":"da Fran\u00e7a \u00e0 Ucr\u00e2nia, um giro pelos mercados de Natal"},"content":{"rendered":"\n<p class=\" content-text__container \" data-track-category=\"Link no Texto\" data-track-links=\"\"> \u00c9 a temporada dos mercados de Natal, uma tradi\u00e7\u00e3o que nasceu na Alemanha, e se espalhou pelo mundo. Se na Idade M\u00e9dia as feiras serviam para trocas de suplementos antes do inverno rigoroso, hoje s\u00e3o verdadeiras atra\u00e7\u00f5es, atraindo multid\u00f5es, entre moradores e turistas. <\/p>\n<p class=\" content-text__container \" data-track-category=\"Link no Texto\" data-track-links=\"\"> Veja fotos de alguns desses mercados, em pa\u00edses como Fran\u00e7a, Alemanha, \u00c1ustria, Pol\u00f4nia e Ucr\u00e2nia: <\/p>\n","protected":false},"excerpt":{"rendered":"\u00c9 a temporada dos mercados de Natal, uma tradi\u00e7\u00e3o que nasceu na Alemanha, e se espalhou pelo mundo.&hellip;\n","protected":false},"author":2,"featured_media":195229,"comment_status":"","ping_status":"","sticky":false,"template":"","format":"standard","meta":{"footnotes":""},"categories":[83],"tags":[88,89,90,32,33],"class_list":{"0":"post-195228","1":"post","2":"type-post","3":"status-publish","4":"format-standard","5":"has-post-thumbnail","7":"category-empresas","8":"tag-business","9":"tag-economy","10":"tag-empresas","11":"tag-portugal","12":"tag-pt"},"share_on_mastodon":{"url":"https:\/\/pubeurope.com\/@pt\/115748190456152989","error":""},"_links":{"self":[{"href":"https:\/\/www.europesays.com\/pt\/wp-json\/wp\/v2\/posts\/195228","targetHints":{"allow":["GET"]}}],"collection":[{"href":"https:\/\/www.europesays.com\/pt\/wp-json\/wp\/v2\/posts"}],"about":[{"href":"https:\/\/www.europesays.com\/pt\/wp-json\/wp\/v2\/types\/post"}],"author":[{"embeddable":true,"href":"https:\/\/www.europesays.com\/pt\/wp-json\/wp\/v2\/users\/2"}],"replies":[{"embeddable":true,"href":"https:\/\/www.europesays.com\/pt\/wp-json\/wp\/v2\/comments?post=195228"}],"version-history":[{"count":0,"href":"https:\/\/www.europesays.com\/pt\/wp-json\/wp\/v2\/posts\/195228\/revisions"}],"wp:featuredmedia":[{"embeddable":true,"href":"https:\/\/www.europesays.com\/pt\/wp-json\/wp\/v2\/media\/195229"}],"wp:attachment":[{"href":"https:\/\/www.europesays.com\/pt\/wp-json\/wp\/v2\/media?parent=195228"}],"wp:term":[{"taxonomy":"category","embeddable":true,"href":"https:\/\/www.europesays.com\/pt\/wp-json\/wp\/v2\/categories?post=195228"},{"taxonomy":"post_tag","embeddable":true,"href":"https:\/\/www.europesays.com\/pt\/wp-json\/wp\/v2\/tags?post=195228"}],"curies":[{"name":"wp","href":"https:\/\/api.w.org\/{rel}","templated":true}]}}