{"id":195235,"date":"2025-12-19T20:53:09","date_gmt":"2025-12-19T20:53:09","guid":{"rendered":"https:\/\/www.europesays.com\/pt\/195235\/"},"modified":"2025-12-19T20:53:09","modified_gmt":"2025-12-19T20:53:09","slug":"barbara-parada-submete-se-a-intervencao-estetica-veja-o-antes-e-depois-secret-story","status":"publish","type":"post","link":"https:\/\/www.europesays.com\/pt\/195235\/","title":{"rendered":"B\u00e1rbara Parada submete-se a interven\u00e7\u00e3o est\u00e9tica: Veja o antes e depois &#8211; Secret Story"},"content":{"rendered":"<p style=\"margin-bottom:11px\"><strong>B\u00e1rbara Parada<\/strong> realizou uma <strong>interven\u00e7\u00e3o est\u00e9tica<\/strong> e o resultado impressionante foi partilhado nas redes sociais. Na passada quinta-feira, 18 de dezembro, a cl\u00ednica onde a ex-concorrente realizou o procedimento divulgou imagens do antes e depois da transforma\u00e7\u00e3o.<\/p>\n<p>A<strong> interven\u00e7\u00e3o est\u00e9tica escolhida por B\u00e1rbara foi o botox preventivo,<\/strong> um tratamento que serve para retardar o aparecimento de rugas e linhas de express\u00e3o antes que se tornem permanentes.<\/p>\n<p>Com apenas 23 anos, <strong>a jovem decidiu apostar na preven\u00e7\u00e3o e cuidar da pele para retardar os sinais de envelhecimento.<\/strong> O resultado vis\u00edvel nas fotografias partilhadas pela cl\u00ednica mostra uma<strong> pele mais uniforme e suave.<\/strong><\/p>\n<p><strong>Veja aqui o antes e depois:<\/strong><\/p>\n<blockquote class=\"instagram-media\" data-instgrm-captioned=\"\" data-instgrm-permalink=\"https:\/\/www.instagram.com\/p\/DSZ2uyoAlGK\/?utm_source=ig_embed&amp;utm_campaign=loading\" data-instgrm-version=\"14\" style=\" background:#FFF; border:0; border-radius:3px; box-shadow:0 0 1px 0 rgba(0,0,0,0.5),0 1px 10px 0 rgba(0,0,0,0.15); margin: 1px; max-width:540px; min-width:326px; padding:0; width:99.375%; width:-webkit-calc(100% - 2px); width:calc(100% - 2px);\">\n<\/blockquote>\n<p>\u00a0<\/p>\n<p>                        <script async src=\"\/\/www.instagram.com\/embed.js\"><\/script><\/p>\n","protected":false},"excerpt":{"rendered":"B\u00e1rbara Parada realizou uma interven\u00e7\u00e3o est\u00e9tica e o resultado impressionante foi partilhado nas redes sociais. Na passada quinta-feira,&hellip;\n","protected":false},"author":2,"featured_media":195236,"comment_status":"","ping_status":"","sticky":false,"template":"","format":"standard","meta":{"footnotes":""},"categories":[142],"tags":[2151,18706,114,115,18705,39066,32,33,151,18704],"class_list":{"0":"post-195235","1":"post","2":"type-post","3":"status-publish","4":"format-standard","5":"has-post-thumbnail","7":"category-tv","8":"tag-barbara-parada","9":"tag-bastidores-secret-story","10":"tag-entertainment","11":"tag-entretenimento","12":"tag-entrevistas-concorrentes-tvi","13":"tag-intervencao-estetica","14":"tag-portugal","15":"tag-pt","16":"tag-tv","17":"tag-vida-fora-da-casa"},"share_on_mastodon":{"url":"https:\/\/pubeurope.com\/@pt\/115748221979875031","error":""},"_links":{"self":[{"href":"https:\/\/www.europesays.com\/pt\/wp-json\/wp\/v2\/posts\/195235","targetHints":{"allow":["GET"]}}],"collection":[{"href":"https:\/\/www.europesays.com\/pt\/wp-json\/wp\/v2\/posts"}],"about":[{"href":"https:\/\/www.europesays.com\/pt\/wp-json\/wp\/v2\/types\/post"}],"author":[{"embeddable":true,"href":"https:\/\/www.europesays.com\/pt\/wp-json\/wp\/v2\/users\/2"}],"replies":[{"embeddable":true,"href":"https:\/\/www.europesays.com\/pt\/wp-json\/wp\/v2\/comments?post=195235"}],"version-history":[{"count":0,"href":"https:\/\/www.europesays.com\/pt\/wp-json\/wp\/v2\/posts\/195235\/revisions"}],"wp:featuredmedia":[{"embeddable":true,"href":"https:\/\/www.europesays.com\/pt\/wp-json\/wp\/v2\/media\/195236"}],"wp:attachment":[{"href":"https:\/\/www.europesays.com\/pt\/wp-json\/wp\/v2\/media?parent=195235"}],"wp:term":[{"taxonomy":"category","embeddable":true,"href":"https:\/\/www.europesays.com\/pt\/wp-json\/wp\/v2\/categories?post=195235"},{"taxonomy":"post_tag","embeddable":true,"href":"https:\/\/www.europesays.com\/pt\/wp-json\/wp\/v2\/tags?post=195235"}],"curies":[{"name":"wp","href":"https:\/\/api.w.org\/{rel}","templated":true}]}}