{"id":195241,"date":"2025-12-19T21:01:32","date_gmt":"2025-12-19T21:01:32","guid":{"rendered":"https:\/\/www.europesays.com\/pt\/195241\/"},"modified":"2025-12-19T21:01:32","modified_gmt":"2025-12-19T21:01:32","slug":"princesa-leonor-de-espanha-cadete-da-forca-aerea-ja-voa-sozinha-monarquia","status":"publish","type":"post","link":"https:\/\/www.europesays.com\/pt\/195241\/","title":{"rendered":"Princesa Leonor de Espanha, cadete da For\u00e7a A\u00e9rea, j\u00e1 voa sozinha | Monarquia"},"content":{"rendered":"<p>A princesa Leonor de Espanha j\u00e1 voa a solo. A herdeira do trono realizou o seu primeiro voo nesta quinta-feira, como parte da <a href=\"https:\/\/www.publico.pt\/2025\/09\/02\/impar\/noticia\/princesa-leonor-inicia-ultimo-ano-treino-militar-2145700\" rel=\"nofollow noopener\" target=\"_blank\">forma\u00e7\u00e3o militar<\/a> na Academia Geral Aeroespacial de San Javier, em M\u00farcia. O momento foi partilhado nas redes sociais pela casa real, que diz que a conquista exigiu quatro meses de \u201ctreino intensivo\u201d at\u00e9 a princesa de 20 anos ter capacidade para pilotar o pequeno avi\u00e3o militar.<\/p>\n<p>O Pal\u00e1cio de Zarzuela n\u00e3o esconde o orgulho da princesa na nota de imprensa, emitida nesta sexta-feira, citada <a href=\"https:\/\/elpais.com\/gente\/2025-12-19\/la-princesa-leonor-realiza-su-primer-vuelo-en-solitario-como-parte-de-su-formacion-en-el-ejercito-del-aire.html\" target=\"_blank\" rel=\"nofollow noopener\">pelo El Pa\u00eds<\/a>. Leonor, dizem, \u201cconcluiu a forma\u00e7\u00e3o te\u00f3rica e as sess\u00f5es de simulador e de voo real na Pilatus, criadas para adquirir as compet\u00eancias necess\u00e1rias que lhe permitissem realizar a descolagem em seguran\u00e7a\u201d.<\/p>\n<p>Grande parte do treino foi te\u00f3rico como \u201cconhecimentos aeron\u00e1uticos\u201d, al\u00e9m de esclarecimentos cont\u00ednuos sobre o modelo de avi\u00e3o que voou, o Pilatus PC-21, \u201cal\u00e9m de abordar outros aspectos que aprimoram a sua compreens\u00e3o da organiza\u00e7\u00e3o e estrutura da For\u00e7a A\u00e9rea e Espacial\u201d, descreve o mesmo comunicado, que n\u00e3o cont\u00e9m reac\u00e7\u00f5es oficiais dos reis, Felipe VI e Letizia.<\/p>\n<p>        &#13;<\/p>\n<blockquote class=\"instagram-media\" data-instgrm-captioned=\"\" data-instgrm-permalink=\"https:\/\/www.instagram.com\/reel\/DScRvASjHan\/?utm_source=ig_embed&amp;utm_campaign=loading\" data-instgrm-version=\"14\" style=\" background:#FFF; border:0; border-radius:3px; box-shadow:0 0 1px 0 rgba(0,0,0,0.5),0 1px 10px 0 rgba(0,0,0,0.15); margin: 1px; max-width:540px; min-width:326px; padding:0; width:99.375%; width:-webkit-calc(100% - 2px); width:calc(100% - 2px);\"\/><p>&#13;<br \/>\n&#13;<\/p>\n<p>Leonor ingressou na Academia Aeroespacial a 1 de Setembro como cadete para a forma\u00e7\u00e3o na for\u00e7a \u00e1rea, que ser\u00e1 a \u00faltima da sua prepara\u00e7\u00e3o para o trono \u2014 a Constitui\u00e7\u00e3o exige uma <a href=\"https:\/\/www.publico.pt\/2023\/08\/17\/impar\/noticia\/leonor-academia-militar-princesa-preparase-futura-rainha-espanha-2060458\" rel=\"nofollow noopener\" target=\"_blank\">passagem<\/a> pelos tr\u00eas ramos das For\u00e7as Armadas. Logo nesse primeiro dia, que foi em parte acompanhado pela imprensa, a princesa fez uma sess\u00e3o de simulador de voo e embarcou numa aeronave militar, onde visitou a cabine de comando.<\/p>\n<p>Mas, durante os \u00faltimos meses, Leonor tem vivido a rotina de cadete, longe dos holofotes, e fez, por exemplo, um curso de sobreviv\u00eancia no mar \u2014 j\u00e1 fez a forma\u00e7\u00e3o na Marinha, que incluiu uma viagem de v\u00e1rios meses <a href=\"https:\/\/www.publico.pt\/2025\/02\/14\/impar\/noticia\/bordo-navio-militar-leonor-espanha-estara-sofrer-enjoos-tonturas-2122541\" rel=\"nofollow noopener\" target=\"_blank\">a bordo do navio-escola<\/a> Elcano. Conjugando a rotina militar com os deveres reais, participou na cerim\u00f3nia de juramento da bandeira na Academia Geral do Ar e do Espa\u00e7o, em M\u00farcia, no in\u00edcio deste m\u00eas.<\/p>\n<p>Apesar de parecer que o primeiro voo de Leonor aconteceu pouco tempo depois de iniciar a sua forma\u00e7\u00e3o, o El Pa\u00eds diz que \u00e9 habitual os cadetes fazerem o seu baptismo a solo um m\u00eas depois de chegarem \u00e0 academia. \u00c9 esse o tempo suficiente para receber a teoria e coloc\u00e1-la em pr\u00e1tica nos simuladores, mais b\u00e1sicos ou mais avan\u00e7ados, como o que replica a cabine do Pilatus e d\u00e1 uma vis\u00e3o 180\u00ba atrav\u00e9s de realidade virtual, descreve o mesmo jornal.<\/p>\n<p>                &#13;<br \/>\n                    &#13;<br \/>\n                    &#13;<br \/>\n                        Leonor no simulador de voo&#13;<br \/>\nSPANISH ROYAL HOUSEHOLD HANDOUT                    &#13;<\/p>\n<p>Leonor segue os passos do av\u00f4, <a href=\"https:\/\/www.publico.pt\/2025\/11\/22\/impar\/noticia\/juan-carlos-i-rei-ha-50-anos-cinco-momentos-subida-trono-exilio-2155577\" rel=\"nofollow noopener\" target=\"_blank\">Juan Carlos<\/a>, que integrou a 11.\u00aa turma, recebendo a ins\u00edgnia de piloto militar em Julho de 1959. Mas tamb\u00e9m do pai: Felipe VI recebeu a patente de tenente em 1989.<\/p>\n<p>Resta saber o que se segue para a herdeira do trono espanhol depois da For\u00e7a A\u00e9rea: se escolher\u00e1 seguir carreira militar ou se frequentar\u00e1 o ensino superior, como fez o pai. A irm\u00e3, Sofia, <a href=\"https:\/\/www.publico.pt\/2025\/09\/11\/impar\/noticia\/vida-infanta-sofia-lisboa-aulas-ciencia-politica-seguranca-reforcada-2146848\" rel=\"nofollow noopener\" target=\"_blank\">continua a estudar <\/a>Ci\u00eancia Pol\u00edtica e Rela\u00e7\u00f5es Internacionais, no Foward College, em Lisboa.<\/p>\n<p>            <script async src=\"\/\/www.instagram.com\/embed.js\"><\/script><\/p>\n","protected":false},"excerpt":{"rendered":"A princesa Leonor de Espanha j\u00e1 voa a solo. A herdeira do trono realizou o seu primeiro voo&hellip;\n","protected":false},"author":2,"featured_media":195242,"comment_status":"","ping_status":"","sticky":false,"template":"","format":"standard","meta":{"footnotes":""},"categories":[85],"tags":[1310,114,115,640,6495,6293,708,714,542,712,32,33],"class_list":{"0":"post-195241","1":"post","2":"type-post","3":"status-publish","4":"format-standard","5":"has-post-thumbnail","7":"category-entretenimento","8":"tag-aviacao","9":"tag-entertainment","10":"tag-entretenimento","11":"tag-espanha","12":"tag-felipe-vi","13":"tag-forcas-armadas","14":"tag-impar","15":"tag-monarquia","16":"tag-para-redes","17":"tag-pessoas","18":"tag-portugal","19":"tag-pt"},"share_on_mastodon":{"url":"https:\/\/pubeurope.com\/@pt\/115748253520038505","error":""},"_links":{"self":[{"href":"https:\/\/www.europesays.com\/pt\/wp-json\/wp\/v2\/posts\/195241","targetHints":{"allow":["GET"]}}],"collection":[{"href":"https:\/\/www.europesays.com\/pt\/wp-json\/wp\/v2\/posts"}],"about":[{"href":"https:\/\/www.europesays.com\/pt\/wp-json\/wp\/v2\/types\/post"}],"author":[{"embeddable":true,"href":"https:\/\/www.europesays.com\/pt\/wp-json\/wp\/v2\/users\/2"}],"replies":[{"embeddable":true,"href":"https:\/\/www.europesays.com\/pt\/wp-json\/wp\/v2\/comments?post=195241"}],"version-history":[{"count":0,"href":"https:\/\/www.europesays.com\/pt\/wp-json\/wp\/v2\/posts\/195241\/revisions"}],"wp:featuredmedia":[{"embeddable":true,"href":"https:\/\/www.europesays.com\/pt\/wp-json\/wp\/v2\/media\/195242"}],"wp:attachment":[{"href":"https:\/\/www.europesays.com\/pt\/wp-json\/wp\/v2\/media?parent=195241"}],"wp:term":[{"taxonomy":"category","embeddable":true,"href":"https:\/\/www.europesays.com\/pt\/wp-json\/wp\/v2\/categories?post=195241"},{"taxonomy":"post_tag","embeddable":true,"href":"https:\/\/www.europesays.com\/pt\/wp-json\/wp\/v2\/tags?post=195241"}],"curies":[{"name":"wp","href":"https:\/\/api.w.org\/{rel}","templated":true}]}}