{"id":195243,"date":"2025-12-19T21:02:08","date_gmt":"2025-12-19T21:02:08","guid":{"rendered":"https:\/\/www.europesays.com\/pt\/195243\/"},"modified":"2025-12-19T21:02:08","modified_gmt":"2025-12-19T21:02:08","slug":"e-day-sera-jogo-mais-ambicioso-da-coalition","status":"publish","type":"post","link":"https:\/\/www.europesays.com\/pt\/195243\/","title":{"rendered":"E-Day ser\u00e1 jogo &#8220;mais ambicioso&#8221; da Coalition"},"content":{"rendered":"<p>Apesar de n\u00e3o ter recebido tantas novidades desde seu an\u00fancio no <strong>Xbox Games Showcase<\/strong> de 2024, <strong>Gears of War: E-Day<\/strong> ainda est\u00e1 previsto para 2026, e a\u00a0<strong>Coalition <\/strong>subiu as expectativas dos f\u00e3s em breve declara\u00e7\u00e3o ao Xbox Wire:<\/p>\n<p>&#8220;O pr\u00f3ximo ano marca o 20\u00ba anivers\u00e1rio de Gears of War, e n\u00e3o pod\u00edamos pensar numa forma maior de celebrar do que o lan\u00e7amento de E-Day. Esse \u00e9 o nosso game mais ambicioso at\u00e9 o momento, totalmente constru\u00eddo do zero na Unreal Engine 5 para que se parecesse com outros Gears, mas dando uma sensa\u00e7\u00e3o nova&#8221;, diz o post.<\/p>\n<p>            Continua depois da Publicidade<\/p>\n<p>Em E-Day, Marcus e Dom voltam ao protagonismo. O game \u00e9 ambientado no primeiro confronto entre humanos e Locust, anos antes dos eventos que vimos no Gears of War original.<\/p>\n<p>O jogo tamb\u00e9m ser\u00e1 o primeiro Gears em praticamente sete anos. Gears 5 foi o \u00faltimo lan\u00e7amento totalmente original da franquia, que recentemente ganhou uma remasteriza\u00e7\u00e3o de seu primeiro jogo, marcando sua estreia em consoles <strong>PlayStation<\/strong>.<\/p>\n","protected":false},"excerpt":{"rendered":"Apesar de n\u00e3o ter recebido tantas novidades desde seu an\u00fancio no Xbox Games Showcase de 2024, Gears of&hellip;\n","protected":false},"author":2,"featured_media":195244,"comment_status":"","ping_status":"","sticky":false,"template":"","format":"standard","meta":{"footnotes":""},"categories":[84],"tags":[109,107,108,32,33,105,103,104,106,110],"class_list":{"0":"post-195243","1":"post","2":"type-post","3":"status-publish","4":"format-standard","5":"has-post-thumbnail","7":"category-ciencia-e-tecnologia","8":"tag-ciencia","9":"tag-ciencia-e-tecnologia","10":"tag-cienciaetecnologia","11":"tag-portugal","12":"tag-pt","13":"tag-science","14":"tag-science-and-technology","15":"tag-scienceandtechnology","16":"tag-technology","17":"tag-tecnologia"},"share_on_mastodon":{"url":"https:\/\/pubeurope.com\/@pt\/115748257318636425","error":""},"_links":{"self":[{"href":"https:\/\/www.europesays.com\/pt\/wp-json\/wp\/v2\/posts\/195243","targetHints":{"allow":["GET"]}}],"collection":[{"href":"https:\/\/www.europesays.com\/pt\/wp-json\/wp\/v2\/posts"}],"about":[{"href":"https:\/\/www.europesays.com\/pt\/wp-json\/wp\/v2\/types\/post"}],"author":[{"embeddable":true,"href":"https:\/\/www.europesays.com\/pt\/wp-json\/wp\/v2\/users\/2"}],"replies":[{"embeddable":true,"href":"https:\/\/www.europesays.com\/pt\/wp-json\/wp\/v2\/comments?post=195243"}],"version-history":[{"count":0,"href":"https:\/\/www.europesays.com\/pt\/wp-json\/wp\/v2\/posts\/195243\/revisions"}],"wp:featuredmedia":[{"embeddable":true,"href":"https:\/\/www.europesays.com\/pt\/wp-json\/wp\/v2\/media\/195244"}],"wp:attachment":[{"href":"https:\/\/www.europesays.com\/pt\/wp-json\/wp\/v2\/media?parent=195243"}],"wp:term":[{"taxonomy":"category","embeddable":true,"href":"https:\/\/www.europesays.com\/pt\/wp-json\/wp\/v2\/categories?post=195243"},{"taxonomy":"post_tag","embeddable":true,"href":"https:\/\/www.europesays.com\/pt\/wp-json\/wp\/v2\/tags?post=195243"}],"curies":[{"name":"wp","href":"https:\/\/api.w.org\/{rel}","templated":true}]}}