{"id":195245,"date":"2025-12-19T21:07:16","date_gmt":"2025-12-19T21:07:16","guid":{"rendered":"https:\/\/www.europesays.com\/pt\/195245\/"},"modified":"2025-12-19T21:07:16","modified_gmt":"2025-12-19T21:07:16","slug":"ha-40-pontos-negros-nas-estradas-portuguesas-a5-e-a-mais-perigosa","status":"publish","type":"post","link":"https:\/\/www.europesays.com\/pt\/195245\/","title":{"rendered":"H\u00e1 40 pontos negros nas estradas portuguesas; A5 \u00e9 a mais perigosa"},"content":{"rendered":"<p class=\"wp-caption-text top\"><a href=\"https:\/\/www.flickr.com\/photos\/orangebrompton\/6079511876\/sizes\/l\/\" rel=\"nofollow external noopener noreferrer\" data-wpel-link=\"external\" target=\"_blank\" class=\"ext-link\">orangebrompton \/ Flickr<\/a><\/p>\n<p><img decoding=\"async\" loading=\"lazy\" class=\"size-kopa-image-size-3 wp-image-29041\" src=\"https:\/\/www.europesays.com\/pt\/wp-content\/uploads\/2025\/12\/f1018e4727524e458e53ad67fb666e76-e1418681964937-783x450.jpg\" alt=\"\" width=\"700\" height=\"402\"  \/><\/p>\n<p><strong>Al\u00e9m da A5, que tem cinco pontos negros identificados, o segundo lugar da lista das vias mais perigosas \u00e9 ocupado pelo IC17 e pelo IC20.<\/strong><\/p>\n<p>A Autoridade Nacional de Seguran\u00e7a Rodovi\u00e1ria (ANSR) identificou<strong> 40 pontos negros nas estradas portuguesas<\/strong>, sendo a Autoestrada A5, que liga Lisboa a Cascais, a via mais perigosa, foi esta quarta-feira publicado.<\/p>\n<p>A lista dos pontos negros da sinistralidade rodovi\u00e1ria \u00e9 uma das informa\u00e7\u00f5es que constam do Observat\u00f3rio da Seguran\u00e7a Rodovi\u00e1ria da ANSR esta quarta-feira lan\u00e7ado.<\/p>\n<p>Al\u00e9m da <strong>A5,<\/strong> que tem cinco pontos negros identificados, o segundo lugar da lista das vias mais perigosas s\u00e3o o <strong>IC17<\/strong> (Circular Regional Interior de Lisboa) e o <strong>IC20<\/strong> (que liga Almada \u00e0 Costa da Caparica), com quatro pontos negros cada um.<\/p>\n<p>Entram para a lista dos pontos negros os tro\u00e7os com um m\u00e1ximo de<strong> 200 metros de extens\u00e3o onde se registaram, pelo menos, cinco acidentes com v\u00edtimas<\/strong> durante um ano.<\/p>\n<p>Desta lista fazem tamb\u00e9m parte, com tr\u00eas pontos negros cada via identificada, a <strong>A20<\/strong> \u2013 Circular Regional Interior do Porto, <strong>Estrada Nacional<\/strong> <strong>206<\/strong> (Famalic\u00e3o-Guimar\u00e3es), <strong>IC19<\/strong> (Lisboa-Sintra) e <strong>IP7<\/strong> (que liga Camarate \u00e0 fronteira do Caia).<\/p>\n<p>A <strong>A2<\/strong> (autoestrada que liga Lisboa ao Algarve) e a <strong>A44<\/strong> (autoestrada de Vila Nova de Gaia) s\u00e3o vias que t\u00eam dois pontos negros cada uma.<\/p>\n<p>Nesta lista esta quarta-feira divulgada, a ANSR apresenta como <strong>novidades<\/strong> os pontos negros que s\u00e3o recorrentes, nomeadamente o quilometro (Km) 5 da A2, na zona de Almada, o Km 15 da A20, no Porto, os quil\u00f3metros 4 e 5 do IC17, na zona da Amadora, e km 7 do IP7, em Lisboa.<\/p>\n<p>A lista dos pontos negros da ANSR \u00e9 referente a <strong>2023,<\/strong> que identificou mais 14 em rela\u00e7\u00e3o ao ano anterior.<\/p>\n<p>Al\u00e9m dos pontos negros, o Observat\u00f3rio da Seguran\u00e7a Rodovi\u00e1ria inclui tamb\u00e9m relat\u00f3rios di\u00e1rios, mensais e anuais sobre a sinistralidade, bem como dados sobre as fiscaliza\u00e7\u00f5es e inspe\u00e7\u00f5es.<\/p>\n<p>Dados provis\u00f3rios da ANSR indicam que este ano ocorreram <strong>140.118 acidentes<\/strong> rodovi\u00e1rias nas estradas portuguesas, mais 4.375 do que no mesmo per\u00edodo do ano passado, que provocaram <strong>423 mortos<\/strong>, menos 33, mas <strong>mais 40 feridos graves<\/strong> (2.681) e mais 450 feridos ligeiros (43.285).<\/p>\n<p>    <a href=\"https:\/\/zap.aeiou.pt\/subscrever-newsletter\" data-wpel-link=\"internal\" rel=\"nofollow noopener\" target=\"_blank\">&#13;<br \/>\n        <img loading=\"lazy\" decoding=\"async\" class=\"aligncenter size-full wp-image-575475\" src=\"https:\/\/www.europesays.com\/pt\/wp-content\/uploads\/2025\/12\/1765389371_545_2d51fe4a0ba54894421ead1809309ed9-1-450x140.jpg\" alt=\"Subscreva a Newsletter ZAP\" width=\"450\" height=\"140\"\/>&#13;<br \/>\n    <\/a><\/p>\n<p>                <a href=\"https:\/\/whatsapp.com\/channel\/0029VaIC4EE2f3EJZPPSbR34\" data-wpel-link=\"external\" target=\"_blank\" rel=\"nofollow external noopener noreferrer\" class=\"ext-link\">&#13;<br \/>\n                    <img loading=\"lazy\" decoding=\"async\" class=\"aligncenter size-full wp-image-575475\" src=\"https:\/\/www.europesays.com\/pt\/wp-content\/uploads\/2025\/12\/1765389371_770_c68c559d956d4ca20f435ed74a6e71e6.png\" alt=\"Siga-nos no WhatsApp\" width=\"175\" height=\"64\"\/>&#13;<br \/>\n                <\/a><\/p>\n<p>                <a href=\"https:\/\/news.google.com\/publications\/CAAiEHRwZondIV71PDjWNoqMduEqFAgKIhB0cGaJ3SFe9Tw41jaKjHbh?hl=en-US&amp;gl=US&amp;ceid=US%3Aen\" data-wpel-link=\"external\" target=\"_blank\" rel=\"nofollow external noopener noreferrer\" class=\"ext-link\">&#13;<br \/>\n                    <img loading=\"lazy\" decoding=\"async\" class=\"aligncenter size-full wp-image-575475\" src=\"https:\/\/www.europesays.com\/pt\/wp-content\/uploads\/2025\/12\/1765389372_556_5123dd8b087b644fdb8f8603acd1bad4.png\" alt=\"Siga-nos no Google News\" width=\"176\" height=\"64\"\/>&#13;<br \/>\n                <\/a><\/p>\n","protected":false},"excerpt":{"rendered":"orangebrompton \/ Flickr Al\u00e9m da A5, que tem cinco pontos negros identificados, o segundo lugar da lista das&hellip;\n","protected":false},"author":2,"featured_media":195246,"comment_status":"","ping_status":"","sticky":false,"template":"","format":"standard","meta":{"footnotes":""},"categories":[10],"tags":[27,28,269,15,16,14,25,26,21,22,12,13,19,20,32,20059,23,24,33,6897,17,18,29,30,31],"class_list":{"0":"post-195245","1":"post","2":"type-post","3":"status-publish","4":"format-standard","5":"has-post-thumbnail","7":"category-portugal","8":"tag-breaking-news","9":"tag-breakingnews","10":"tag-capa","11":"tag-featured-news","12":"tag-featurednews","13":"tag-headlines","14":"tag-latest-news","15":"tag-latestnews","16":"tag-main-news","17":"tag-mainnews","18":"tag-news","19":"tag-noticias","20":"tag-noticias-principais","21":"tag-noticiasprincipais","22":"tag-portugal","23":"tag-prevencao-rodoviaria","24":"tag-principais-noticias","25":"tag-principaisnoticias","26":"tag-pt","27":"tag-seguranca-rodoviaria","28":"tag-top-stories","29":"tag-topstories","30":"tag-ultimas","31":"tag-ultimas-noticias","32":"tag-ultimasnoticias"},"share_on_mastodon":{"url":"https:\/\/pubeurope.com\/@pt\/115748277411665177","error":""},"_links":{"self":[{"href":"https:\/\/www.europesays.com\/pt\/wp-json\/wp\/v2\/posts\/195245","targetHints":{"allow":["GET"]}}],"collection":[{"href":"https:\/\/www.europesays.com\/pt\/wp-json\/wp\/v2\/posts"}],"about":[{"href":"https:\/\/www.europesays.com\/pt\/wp-json\/wp\/v2\/types\/post"}],"author":[{"embeddable":true,"href":"https:\/\/www.europesays.com\/pt\/wp-json\/wp\/v2\/users\/2"}],"replies":[{"embeddable":true,"href":"https:\/\/www.europesays.com\/pt\/wp-json\/wp\/v2\/comments?post=195245"}],"version-history":[{"count":0,"href":"https:\/\/www.europesays.com\/pt\/wp-json\/wp\/v2\/posts\/195245\/revisions"}],"wp:featuredmedia":[{"embeddable":true,"href":"https:\/\/www.europesays.com\/pt\/wp-json\/wp\/v2\/media\/195246"}],"wp:attachment":[{"href":"https:\/\/www.europesays.com\/pt\/wp-json\/wp\/v2\/media?parent=195245"}],"wp:term":[{"taxonomy":"category","embeddable":true,"href":"https:\/\/www.europesays.com\/pt\/wp-json\/wp\/v2\/categories?post=195245"},{"taxonomy":"post_tag","embeddable":true,"href":"https:\/\/www.europesays.com\/pt\/wp-json\/wp\/v2\/tags?post=195245"}],"curies":[{"name":"wp","href":"https:\/\/api.w.org\/{rel}","templated":true}]}}