{"id":195247,"date":"2025-12-19T21:08:17","date_gmt":"2025-12-19T21:08:17","guid":{"rendered":"https:\/\/www.europesays.com\/pt\/195247\/"},"modified":"2025-12-19T21:08:17","modified_gmt":"2025-12-19T21:08:17","slug":"papa-aos-jovens-antes-do-natal-pensem-numa-pessoa-com-quem-fazer-as-pazes","status":"publish","type":"post","link":"https:\/\/www.europesays.com\/pt\/195247\/","title":{"rendered":"Papa aos jovens: antes do Natal, pensem numa pessoa com quem fazer as pazes"},"content":{"rendered":"<p>A poucos dias do Natal, o Pont\u00edfice recordou que a verdadeira paz nasce do cora\u00e7\u00e3o reconciliado. Inspirando-se no pres\u00e9pio, exortou os jovens a seguirem o exemplo de santos como Carlo Acutis e Pier Giorgio Frassati e a oferecerem, antes do Natal, o dom mais precioso: fazer as pazes com algu\u00e9m.<\/p>\n<p><b>Thulio Fonseca \u2013 Vatican News<\/b><\/p>\n<p>O Papa Le\u00e3o XIV recebeu em audi\u00eancia, nesta sexta-feira, 19 de dezembro, no Vaticano, os jovens da A\u00e7\u00e3o Cat\u00f3lica Italiana, acompanhados pela presid\u00eancia nacional, pelo assistente eclesi\u00e1stico geral, pela equipe nacional, al\u00e9m de educadores e colaboradores. No clima de expectativa pelo Natal do Senhor, o Pont\u00edfice manifestou sua alegria pelo encontro e agradeceu o entusiasmo dos jovens, ressaltando a identidade da associa\u00e7\u00e3o como caminho de discipulado e testemunho do Evangelho no seio da Igreja.<\/p>\n<p>\u201cO nome da sua associa\u00e7\u00e3o diz bem a sua identidade: voc\u00eas s\u00e3o disc\u00edpulos de Jesus, testemunhas do seu Evangelho e companheiros de caminhada junto com toda a Igreja\u201d, afirmou Le\u00e3o XIV, encorajando-os a continuarem sendo sinal vivo da beleza da A\u00e7\u00e3o Cat\u00f3lica.<\/p>\n<p>\n   Ou\u00e7a com a voz do Papa e compartilhe\n  <\/p>\n<p>O pres\u00e9pio, sinal de um Deus que acolhe a todos <\/p>\n<p>No centro de sua reflex\u00e3o, o Papa deteve-se no pres\u00e9pio, s\u00edmbolo privilegiado do mist\u00e9rio do Natal. Recordando as tradi\u00e7\u00f5es vividas durante o Advento, destacou que a contempla\u00e7\u00e3o da Sagrada Fam\u00edlia, dos pastores e dos animais revela uma verdade fundamental da f\u00e9 crist\u00e3:<\/p>\n<blockquote>\n<p>\u201cAo redor do Senhor, que se faz homem para nos salvar, h\u00e1 espa\u00e7o para todos. Ele abre lugar para cada pessoa, para cada crian\u00e7a, adolescente, jovem e idoso.\u201d<\/p>\n<\/blockquote>\n<p>Le\u00e3o XIV observou que o Filho de Deus, ao nascer, n\u00e3o encontra lugar numa casa, mas bate \u00e0 porta do cora\u00e7\u00e3o humano, enquanto Ele mesmo se abre para acolher a todos com amor. Diante do pres\u00e9pio, o convite \u00e9 pedir a gra\u00e7a de ser como os anjos, anunciadores da gl\u00f3ria de Deus e da paz aos homens.<\/p>\n<p>    <img decoding=\"async\" src=\"data:image\/gif;base64,R0lGODlhAQABAIAAAAAAAP\/\/\/yH5BAEAAAAALAAAAAABAAEAAAIBRAA7\" data-original=\"https:\/\/www.vaticannews.va\/content\/dam\/vaticannews\/agenzie\/images\/srv\/2025\/12\/19\/2025-12-19-ragazzi-dell-azione-cattolica-italiana\/1766146929209.JPG\/_jcr_content\/renditions\/cq5dam.thumbnail.cropped.750.422.jpeg\" alt=\"Papa durante audi\u00eancia nesta manh\u00e3, 19 de dezembro\" title=\"Papa durante audi\u00eancia nesta manh\u00e3, 19 de dezembro\"\/><\/p>\n<p>\n   Papa durante audi\u00eancia nesta manh\u00e3, 19 de dezembro \u00a0 (@Vatican Media)\n  <\/p>\n<p>Carlo Acutis, Frassati e o chamado \u00e0 santidade cotidiana <\/p>\n<p>Falando da paz como compromisso concreto dos crist\u00e3os, o Papa recordou que n\u00e3o basta \u201cser bons\u201d, mas \u00e9 necess\u00e1rio tornar-se melhor a cada dia, avan\u00e7ando no caminho da santidade. Nesse contexto, apresentou aos jovens modelos luminosos de vida crist\u00e3: \u201cA tornar-nos santos, como Pier Giorgio Frassati \u2014 que fazia parte da A\u00e7\u00e3o Cat\u00f3lica \u2014 e como Carlo Acutis: encorajo voc\u00eas a imitar a paix\u00e3o deles pelo Evangelho e suas obras, sempre animadas pela caridade.\u201d<\/p>\n<p>Segundo o Pont\u00edfice, seguindo o exemplo desses jovens santos, o an\u00fancio da paz torna-se cr\u00edvel e luminoso, porque nasce de uma vida vivida na amizade com Jesus, capaz de gerar liberdade, felicidade e aten\u00e7\u00e3o concreta aos mais necessitados.<\/p>\n<p>Antes do Natal, o dom mais precioso: perdoar <\/p>\n<p>Ao refletir sobre o nascimento do Pr\u00edncipe da Paz, Le\u00e3o XIV aprofundou o verdadeiro significado da paz, que n\u00e3o se reduz \u00e0 aus\u00eancia de guerras, mas se fundamenta na justi\u00e7a, na conc\u00f3rdia e no respeito m\u00fatuo, come\u00e7ando pelas rela\u00e7\u00f5es do dia a dia. Foi ent\u00e3o que dirigiu um apelo direto e concreto aos jovens, especialmente em vista do Natal:<\/p>\n<blockquote>\n<p>\u201cAntes da santa noite de Natal, pensem numa pessoa com quem fazer as pazes: ser\u00e1 um presente mais precioso do que aqueles que se podem comprar nas lojas, porque a paz \u00e9 um dom que se encontra, de fato, somente no cora\u00e7\u00e3o.\u201d<\/p>\n<\/blockquote>\n<p>O Papa sublinhou que fazer as pazes \u00e9 uma verdadeira \u201ca\u00e7\u00e3o cat\u00f3lica\u201d, pois torna os crist\u00e3os testemunhas aut\u00eanticas de Jesus Cristo, Redentor do mundo. Ao concluir, Le\u00e3o XIV dirigiu seus votos de Feliz Natal aos jovens e \u00e0s suas fam\u00edlias.<\/p>\n<p>    <img decoding=\"async\" src=\"data:image\/gif;base64,R0lGODlhAQABAIAAAAAAAP\/\/\/yH5BAEAAAAALAAAAAABAAEAAAIBRAA7\" data-original=\"https:\/\/www.vaticannews.va\/content\/dam\/vaticannews\/agenzie\/images\/srv\/2025\/12\/19\/2025-12-19-ragazzi-dell-azione-cattolica-italiana\/1766146917061.JPG\/_jcr_content\/renditions\/cq5dam.thumbnail.cropped.750.422.jpeg\" alt=\"Le\u00e3o XIV com os jovens da A\u00e7\u00e3o Cat\u00f3lica \" title=\"Le\u00e3o XIV com os jovens da A\u00e7\u00e3o Cat\u00f3lica \"\/><\/p>\n<p>\n   Le\u00e3o XIV com os jovens da A\u00e7\u00e3o Cat\u00f3lica \u00a0 (@VATICAN MEDIA)\n  <\/p>\n","protected":false},"excerpt":{"rendered":"A poucos dias do Natal, o Pont\u00edfice recordou que a verdadeira paz nasce do cora\u00e7\u00e3o reconciliado. Inspirando-se no&hellip;\n","protected":false},"author":2,"featured_media":195248,"comment_status":"","ping_status":"","sticky":false,"template":"","format":"standard","meta":{"footnotes":""},"categories":[8],"tags":[805,27,28,15,16,14,233,3176,25,26,21,22,7561,12,13,19,20,811,5773,32,23,24,33,10353,17,18,29,30,31],"class_list":{"0":"post-195247","1":"post","2":"type-post","3":"status-publish","4":"format-standard","5":"has-post-thumbnail","7":"category-principais-noticias","8":"tag-audiencias","9":"tag-breaking-news","10":"tag-breakingnews","11":"tag-featured-news","12":"tag-featurednews","13":"tag-headlines","14":"tag-italia","15":"tag-jovens","16":"tag-latest-news","17":"tag-latestnews","18":"tag-main-news","19":"tag-mainnews","20":"tag-natal","21":"tag-news","22":"tag-noticias","23":"tag-noticias-principais","24":"tag-noticiasprincipais","25":"tag-papa-leao-xiv","26":"tag-perdao","27":"tag-portugal","28":"tag-principais-noticias","29":"tag-principaisnoticias","30":"tag-pt","31":"tag-santos-e-beatos","32":"tag-top-stories","33":"tag-topstories","34":"tag-ultimas","35":"tag-ultimas-noticias","36":"tag-ultimasnoticias"},"share_on_mastodon":{"url":"https:\/\/pubeurope.com\/@pt\/115748280957271209","error":""},"_links":{"self":[{"href":"https:\/\/www.europesays.com\/pt\/wp-json\/wp\/v2\/posts\/195247","targetHints":{"allow":["GET"]}}],"collection":[{"href":"https:\/\/www.europesays.com\/pt\/wp-json\/wp\/v2\/posts"}],"about":[{"href":"https:\/\/www.europesays.com\/pt\/wp-json\/wp\/v2\/types\/post"}],"author":[{"embeddable":true,"href":"https:\/\/www.europesays.com\/pt\/wp-json\/wp\/v2\/users\/2"}],"replies":[{"embeddable":true,"href":"https:\/\/www.europesays.com\/pt\/wp-json\/wp\/v2\/comments?post=195247"}],"version-history":[{"count":0,"href":"https:\/\/www.europesays.com\/pt\/wp-json\/wp\/v2\/posts\/195247\/revisions"}],"wp:featuredmedia":[{"embeddable":true,"href":"https:\/\/www.europesays.com\/pt\/wp-json\/wp\/v2\/media\/195248"}],"wp:attachment":[{"href":"https:\/\/www.europesays.com\/pt\/wp-json\/wp\/v2\/media?parent=195247"}],"wp:term":[{"taxonomy":"category","embeddable":true,"href":"https:\/\/www.europesays.com\/pt\/wp-json\/wp\/v2\/categories?post=195247"},{"taxonomy":"post_tag","embeddable":true,"href":"https:\/\/www.europesays.com\/pt\/wp-json\/wp\/v2\/tags?post=195247"}],"curies":[{"name":"wp","href":"https:\/\/api.w.org\/{rel}","templated":true}]}}