{"id":195257,"date":"2025-12-19T21:21:04","date_gmt":"2025-12-19T21:21:04","guid":{"rendered":"https:\/\/www.europesays.com\/pt\/195257\/"},"modified":"2025-12-19T21:21:04","modified_gmt":"2025-12-19T21:21:04","slug":"ministro-anuncia-que-vai-ser-exigida-apenas-uma-prova-de-ingresso-no-ensino-superior","status":"publish","type":"post","link":"https:\/\/www.europesays.com\/pt\/195257\/","title":{"rendered":"Ministro anuncia que vai ser exigida apenas uma prova de ingresso no ensino superior"},"content":{"rendered":"<p>&#13;<br \/>\nO ministro da Educa\u00e7\u00e3o, Ci\u00eancia e Inova\u00e7\u00e3o, Fernando Alexandre, anunciou esta sexta-feira que o Governo vai propor a redu\u00e7\u00e3o, de duas para uma, das provas de ingresso obrigat\u00f3rias para a esmagadora maioria dos cursos do ensino superior.&#13;\n<\/p>\n<p>&#13;<br \/>\nFalando em Barcelos, na tomada de posse de Lu\u00eds Loures como novo presidente do Conselho Coordenador dos Institutos Superiores Polit\u00e9cnicos (CCISP),<b> <\/b>Fernando Alexandre admitiu que nunca percebeu a decis\u00e3o tomada em 2023 pelo Governo PS de fixar em pelo menos duas as provas de ingresso obrigat\u00f3rias.&#13;\n<\/p>\n<p>&#13;<br \/>\n&#8220;O Governo vai fazer a proposta de altera\u00e7\u00e3o deste decreto-lei, para ser, de facto, apenas uma prova de ingresso, pelo menos&#8221;, referiu, recebendo uma ova\u00e7\u00e3o da plateia, constitu\u00edda essencialmente por respons\u00e1veis de institutos polit\u00e9cnicos e de universidades do pa\u00eds.&#13;\n<\/p>\n<p>&#13;<br \/>\nO ministro sublinhou que cada institui\u00e7\u00e3o ter\u00e1 autonomia para fixar o n\u00famero de provas de ingresso, que poder\u00e3o ir at\u00e9 tr\u00eas.&#13;\n<\/p>\n<p>&#13;<br \/>\nAdiantou que h\u00e1 cursos, designadamente na \u00e1rea da engenharia, em que v\u00e3o ser obrigat\u00f3rias as duas provas de ingresso, e outros, como a medicina, com tr\u00eas provas. &#13;\n<\/p>\n<p>&#13;<br \/>\n&#8220;H\u00e1 regras especiais para determinadas \u00e1reas. Mas cabe \u00e0 institui\u00e7\u00e3o, a partir do momento em que n\u00f3s temos a valida\u00e7\u00e3o pelo ensino secund\u00e1rio e com os exames nacionais, definir as condi\u00e7\u00f5es de ingresso&#8221;, adiantou.&#13;\n<\/p>\n<p>&#13;<br \/>\nMas a regra geral ser\u00e1 a obrigatoriedade de apenas uma prova de ingresso.&#13;\n<\/p>\n<p>&#13;<br \/>\nO ministro disse entender o argumento do aumento da exig\u00eancia para garantir que os alunos que entram no ensino superior tenham os requisitos necess\u00e1rios, mas lembrou que em causa est\u00e3o estudantes que conclu\u00edram o ensino secund\u00e1rio.&#13;\n<\/p>\n<p>&#13;<br \/>\n&#8220;N\u00e3o me parece que algu\u00e9m que tenha conclu\u00eddo o secund\u00e1rio em Portugal n\u00e3o esteja em condi\u00e7\u00f5es de aceder a um curso superior&#8221;, defendeu.&#13;\n<\/p>\n<p>&#13;<br \/>\nPara Fernando Alexandre, a introdu\u00e7\u00e3o das duas provas de ingresso resultou numa diminui\u00e7\u00e3o, &#8220;ainda significativa&#8221;, acima de 2.000 candidatos no ensino superior neste ano.&#13;<\/p>\n","protected":false},"excerpt":{"rendered":"&#13; O ministro da Educa\u00e7\u00e3o, Ci\u00eancia e Inova\u00e7\u00e3o, Fernando Alexandre, anunciou esta sexta-feira que o Governo vai propor&hellip;\n","protected":false},"author":2,"featured_media":195258,"comment_status":"","ping_status":"","sticky":false,"template":"","format":"standard","meta":{"footnotes":""},"categories":[10],"tags":[14226,27,28,39067,15,16,14,37258,25,26,21,22,12,13,19,20,32,23,24,33,17,18,29,30,31],"class_list":{"0":"post-195257","1":"post","2":"type-post","3":"status-publish","4":"format-standard","5":"has-post-thumbnail","7":"category-portugal","8":"tag-barcelos","9":"tag-breaking-news","10":"tag-breakingnews","11":"tag-coordenador-institutos-superiores-politecnicos-ccisp","12":"tag-featured-news","13":"tag-featurednews","14":"tag-headlines","15":"tag-iacao","16":"tag-latest-news","17":"tag-latestnews","18":"tag-main-news","19":"tag-mainnews","20":"tag-news","21":"tag-noticias","22":"tag-noticias-principais","23":"tag-noticiasprincipais","24":"tag-portugal","25":"tag-principais-noticias","26":"tag-principaisnoticias","27":"tag-pt","28":"tag-top-stories","29":"tag-topstories","30":"tag-ultimas","31":"tag-ultimas-noticias","32":"tag-ultimasnoticias"},"share_on_mastodon":{"url":"https:\/\/pubeurope.com\/@pt\/115748332021297028","error":""},"_links":{"self":[{"href":"https:\/\/www.europesays.com\/pt\/wp-json\/wp\/v2\/posts\/195257","targetHints":{"allow":["GET"]}}],"collection":[{"href":"https:\/\/www.europesays.com\/pt\/wp-json\/wp\/v2\/posts"}],"about":[{"href":"https:\/\/www.europesays.com\/pt\/wp-json\/wp\/v2\/types\/post"}],"author":[{"embeddable":true,"href":"https:\/\/www.europesays.com\/pt\/wp-json\/wp\/v2\/users\/2"}],"replies":[{"embeddable":true,"href":"https:\/\/www.europesays.com\/pt\/wp-json\/wp\/v2\/comments?post=195257"}],"version-history":[{"count":0,"href":"https:\/\/www.europesays.com\/pt\/wp-json\/wp\/v2\/posts\/195257\/revisions"}],"wp:featuredmedia":[{"embeddable":true,"href":"https:\/\/www.europesays.com\/pt\/wp-json\/wp\/v2\/media\/195258"}],"wp:attachment":[{"href":"https:\/\/www.europesays.com\/pt\/wp-json\/wp\/v2\/media?parent=195257"}],"wp:term":[{"taxonomy":"category","embeddable":true,"href":"https:\/\/www.europesays.com\/pt\/wp-json\/wp\/v2\/categories?post=195257"},{"taxonomy":"post_tag","embeddable":true,"href":"https:\/\/www.europesays.com\/pt\/wp-json\/wp\/v2\/tags?post=195257"}],"curies":[{"name":"wp","href":"https:\/\/api.w.org\/{rel}","templated":true}]}}