{"id":19527,"date":"2025-08-07T10:18:11","date_gmt":"2025-08-07T10:18:11","guid":{"rendered":"https:\/\/www.europesays.com\/pt\/19527\/"},"modified":"2025-08-07T10:18:11","modified_gmt":"2025-08-07T10:18:11","slug":"as-polemicas-do-novo-presidente-polaco-observador","status":"publish","type":"post","link":"https:\/\/www.europesays.com\/pt\/19527\/","title":{"rendered":"as pol\u00e9micas do novo Presidente polaco \u2013 Observador"},"content":{"rendered":"<p>Os Hooligans da Cidade Livre estiveram envolvidos numa rixa contra grupos de adeptos do Lech Poznan em 2009, na cidade de R\u0119biechowo, nos arredores de Gda\u0144sk, <strong>que p\u00f4s 70 adeptos de cada lado a lutar<\/strong>. Um destes, como admitiu a equipa do ent\u00e3o candidato presidencial em maio, era Karol Nawrocki. Tinha ent\u00e3o 26 anos e <strong>trabalhava como funcion\u00e1rio do Instituto da Mem\u00f3ria Nacional, que viria a liderar.<\/strong><\/p>\n<p>\u201c<strong>Participei em v\u00e1rios tipos de desportos, em v\u00e1rias lutas nobres, mas nem sempre sa\u00ed vitorioso<\/strong>\u201c, disse quando questionado pelo pol\u00edtico aliado da extrema-direita, S\u0142awomir Mentzen, numa entrevista no seu canal de Youtube antes da segunda volta.<\/p>\n<p>\u00c9 desta proximidade aos grupos de hooligans do Lechia Gda\u0144sk que surgem refer\u00eancias a \u201cliga\u00e7\u00f5es a gangues\u201d mencionadas por Donald Tusk na rede social X.<\/p>\n<p>Numa entrevista ao <a href=\"https:\/\/wiadomosci.wp.pl\/karol-nawrocki-nie-mozemy-w-sporze-politycznym-poruszac-sie-wylacznie-w-nienawisci-7166941757016736a\" rel=\"nofollow noopener\" target=\"_blank\">WP<\/a>\u00a0j\u00e1 depois das elei\u00e7\u00f5es, o ent\u00e3o Presidente eleito admitiu mesmo ter participado nesse incidente e que algumas das pessoas com quem lutou podiam ter cometido \u201c<strong>m\u00e1s a\u00e7\u00f5es<\/strong>\u201c. Segundo a <a href=\"https:\/\/tvpworld.com\/86872173\/polish-presidential-candidate-nawrocki-was-in-organized-hooligan-fight-admits-campaign-team\" rel=\"nofollow noopener\" target=\"_blank\">TVP World<\/a>, um dos participantes, conhecido por Olgierd L., est\u00e1 atualmente detido por acusa\u00e7\u00f5es de tr\u00e1fico de armas, crimes de fogo posto e organiza\u00e7\u00e3o de ataques violentos, <strong>e \u00e9 conhecido por ter gerido uma das maiores redes de lenoc\u00ednio da regi\u00e3o<\/strong>.<\/p>\n<blockquote class=\"twitter-tweet\" data-width=\"500\" data-dnt=\"true\">\n<p lang=\"pl\" dir=\"ltr\">26.07.2025????????Lechia Gda\u0144sk \u2013 Lech Pozna\u0144, at the match, a banner appeared in the Lechia stands reading &#8220;Lech Pozna\u0144 remembers the beating\u2026 from the president.&#8221; This is a reference to a 2009 on fight Lechia Gda\u0144sk vs. Lech Pozna\u0144 70\u00d770, win Lechia. One of those fighting was\u2026 <a href=\"https:\/\/t.co\/XLj44Eum7F\" rel=\"nofollow\">pic.twitter.com\/XLj44Eum7F<\/a><\/p>\n<p>\u2014 Hooligans.cz Official (@hooliganscz1999) <a href=\"https:\/\/twitter.com\/hooliganscz1999\/status\/1949401056800055365?ref_src=twsrc%5Etfw\" rel=\"nofollow noopener\" target=\"_blank\">July 27, 2025<\/a><\/p>\n<\/blockquote>\n<p>\u201cQuando eu lutava com algu\u00e9m \u2014 ressalvo que o fiz sempre com pessoas que queriam \u2014 <strong>nunca pesquisava sobre essa pessoa nem perguntava sobre o seu cadastro criminal<\/strong>. Certamente havia entre aqueles com quem eu lutava pessoas respons\u00e1veis por m\u00e1s a\u00e7\u00f5es. Mas isso <strong>n\u00e3o significa que elas, de alguma forma, se transferem para mim<\/strong>\u201c, afirmou, recusando ser definido como hooligan.<\/p>\n<p>\u201cEu n\u00e3o usaria essa palavra. <strong>Identifico-me mais como um atleta que torce [pelo seu clube]<\/strong>\u201c, sublinhou.<\/p>\n<p><strong>[Um jovem pol\u00edcia \u00e9 surpreendido ao terceiro dia de trabalho: a embaixada da Turquia est\u00e1 sob ataque terrorista. E a primeira v\u00edtima \u00e9 ele.\u00a0<a href=\"https:\/\/observador.pt\/programas\/1983-portugal-queima-roupa\/episodio-3-ataque-a-embaixada\/\" target=\"_blank\" rel=\"noopener ugc nofollow\">\u201c1983: Portugal \u00e0 Queima-Roupa\u201d<\/a>\u00a0\u00e9 a hist\u00f3ria do ano em que dois grupos terroristas internacionais atacaram em Portugal. Um comando paramilitar tomou de assalto uma embaixada em Lisboa e esta execu\u00e7\u00e3o sum\u00e1ria no Algarve abalou o M\u00e9dio Oriente. \u00c9 narrada pela atriz Victoria Guerra, com banda sonora original dos Linda Martini. Ou\u00e7a\u00a0<a href=\"https:\/\/observador.pt\/programas\/1983-portugal-queima-roupa\/episodio-3-ataque-a-embaixada\/\" target=\"_blank\" rel=\"noopener ugc nofollow\">o terceiro epis\u00f3dio no site do Observador<\/a>, na\u00a0<a href=\"https:\/\/podcasts.apple.com\/pt\/podcast\/epis%C3%B3dio-3-ataque-%C3%A0-embaixada-1983-portugal-%C3%A0-queima-roupa\/id1826483822?i=1000720639609\" target=\"_blank\" rel=\"noopener nofollow ugc\">Apple Podcasts<\/a>, no\u00a0<a href=\"https:\/\/open.spotify.com\/episode\/4dC8Ym8UAO9ZQGfsWBV2ja?si=16ffc8fd33b04fd9\" target=\"_blank\" rel=\"noopener nofollow ugc\">Spotify<\/a>\u00a0e no\u00a0<a href=\"https:\/\/music.youtube.com\/watch?v=AqjO4rpceVg&amp;si=NOL4OvjuFE2cBBez\" rel=\"nofollow ugc noopener\" target=\"_blank\">Youtube Music<\/a>. E ou\u00e7a o primeiro epis\u00f3dio\u00a0<a href=\"https:\/\/observador.pt\/programas\/1983-portugal-queima-roupa\/estreia-1983-portugal-a-queima-roupa-episodio-1-um-corpo-no-lobby-do-hotel\/\" rel=\"ugc nofollow noopener\" target=\"_blank\">aqui<\/a>\u00a0e o segundo\u00a0<a href=\"https:\/\/observador.pt\/programas\/1983-portugal-queima-roupa\/episodio-2-o-terrorista-do-quarto-507\/\" target=\"_blank\" rel=\"noopener ugc nofollow\">aqui<\/a>]<\/strong><\/p>\n<p><a href=\"https:\/\/observador.pt\/programas\/1983-portugal-queima-roupa\/episodio-3-ataque-a-embaixada\/\" rel=\"ugc nofollow noopener\" target=\"_blank\"><\/p>\n<p>        <img src=\"https:\/\/www.europesays.com\/pt\/wp-content\/uploads\/2025\/08\/1754354235_339_1983-capa-com-playjpg.jpeg\" alt=\"\" loading=\"lazy\" decoding=\"async\" class=\"alignnone\" onload=\"this.parentElement.classList.remove('spinner')\" onerror=\"this.parentElement.classList.remove('spinner')\" width=\"770\" height=\"433\"\/>    <\/p>\n<p><\/a><\/p>\n<p>Segundo o Politico, Nawrocki enfrenta ainda v\u00e1rias acusa\u00e7\u00f5es relativas a apartamentos em Gda\u0144sk. Primeiro, h\u00e1 o caso que envolve a compra de um segundo apartamento que, segundo o <a href=\"https:\/\/wiadomosci.onet.pl\/trojmiasto\/nawrocki-i-ukryte-mieszkanie-nowe-fakty-ws-80-letniego-pana-jerzego-wiemy-kto-placi\/bkbpv4l\" rel=\"nofollow noopener\" target=\"_blank\">Onet<\/a>,\u00a0n\u00e3o tinha declarado no debate presidencial.<\/p>\n<p>O caso envolve um idoso de 80 anos, identificado pela imprensa apenas como Jerzy Z., que ter\u00e1 assinado um acordo com o candidato em 2012 para lhe vender o seu apartamento cinco anos depois. Dito e feito, Nawrocki passou a ser propriet\u00e1rio da habita\u00e7\u00e3o em 2017, pagando-lhe \u20ac28,000 pela casa e, segundo a porta-voz Emilia Wierzbicki, prometendo continuar\u00a0ajudar o idoso \u201c<strong>pagando-lhe as contas de forma regular, fazendo-lhe as compras e comprando-lhe os medicamentos<\/strong>\u201c.<\/p>\n<blockquote class=\"twitter-tweet\" data-width=\"500\" data-dnt=\"true\">\n<p lang=\"pl\" dir=\"ltr\">\u2757\ufe0fO\u015aWIADCZENIE<\/p>\n<p>W nawi\u0105zaniu do artyku\u0142u przygotowywanego przez <a href=\"https:\/\/twitter.com\/JHarlukowicz?ref_src=twsrc%5Etfw\" rel=\"nofollow noopener\" target=\"_blank\">@JHarlukowicz<\/a> dla portalu <a href=\"https:\/\/twitter.com\/OnetWiadomosci?ref_src=twsrc%5Etfw\" rel=\"nofollow noopener\" target=\"_blank\">@OnetWiadomosci<\/a> zamieszczam informacje dotycz\u0105ce sprawy kawalerki w Gda\u0144sku. <\/p>\n<p>Wykorzystywanie obecnie sprawy kawalerki do ataku na Karola Nawrockiego dowodzi, \u017ce zaanga\u017cowano w brudn\u0105\u2026<\/p>\n<p>\u2014 Emilia Wierzbicki (@EmiliaPob) <a href=\"https:\/\/twitter.com\/EmiliaPob\/status\/1919112708580163898?ref_src=twsrc%5Etfw\" rel=\"nofollow noopener\" target=\"_blank\">May 4, 2025<\/a><\/p>\n<\/blockquote>\n<p>Por\u00e9m, conta o <a href=\"https:\/\/wiadomosci.onet.pl\/trojmiasto\/nawrocki-i-ukryte-mieszkanie-nowe-fakty-ws-80-letniego-pana-jerzego-wiemy-kto-placi\/bkbpv4l\" rel=\"nofollow noopener\" target=\"_blank\">Onet<\/a>, o atual Presidente <strong>n\u00e3o ter\u00e1 gasto \u201cum tost\u00e3o\u201d<\/strong> a tratar de Jerzy Z.. Ali\u00e1s, a cidade de Gda\u0144sk\u00a0paga-lhe cerca de 23 mil euros por ano pelos cuidados, sendo que parte deste dinheiro \u00e9 usado para pagar o lar de idosos onde Jerzy vive atualmente.<\/p>\n<p>O outro caso est\u00e1 relacionado como o per\u00edodo em que presidente do Museu da Segunda Guerra Mundial, cargo que ocupou entre 2017 e 2021. O atual chefe de Estado ter\u00e1 vivido por seis meses no complexo hoteleiro da pr\u00f3pria institui\u00e7\u00e3o. Durante esse per\u00edodo, conta o jornal <a href=\"https:\/\/wyborcza.pl\/7,75398,31624965,apartament-dla-nawrockiego.html#s=S.embed_article-K.C-B.1-L.3.zw\" rel=\"nofollow noopener\" target=\"_blank\">Gazeta Wyborcza<\/a>, Karol Nawrocki <strong>n\u00e3o ter\u00e1<\/strong> <strong>pago nada pela sua estadia<\/strong> no apartamento Deluxe, uma casa de dois pisos com 116 m2 e que acolhe at\u00e9 seis pessoas, como diz o site dos apartamentos, e que fica a cinco quil\u00f3metros da resid\u00eancia principal do Presidente da Pol\u00f3nia. Atualmente, caso uma pessoa queira alugar este mesmo apartamento durante os mesmos seis meses, <strong>custar-lhe-ia mais de 32 mil euros<\/strong>.<\/p>\n<p><script async src=\"https:\/\/platform.twitter.com\/widgets.js\" charset=\"utf-8\"><\/script><\/p>\n","protected":false},"excerpt":{"rendered":"Os Hooligans da Cidade Livre estiveram envolvidos numa rixa contra grupos de adeptos do Lech Poznan em 2009,&hellip;\n","protected":false},"author":2,"featured_media":19528,"comment_status":"","ping_status":"","sticky":false,"template":"","format":"standard","meta":{"footnotes":""},"categories":[50],"tags":[27,28,445,15,16,14,25,26,21,22,62,12,13,19,20,7193,23,24,17,18,29,30,31,63,64,65],"class_list":{"0":"post-19527","1":"post","2":"type-post","3":"status-publish","4":"format-standard","5":"has-post-thumbnail","7":"category-mundo","8":"tag-breaking-news","9":"tag-breakingnews","10":"tag-europa","11":"tag-featured-news","12":"tag-featurednews","13":"tag-headlines","14":"tag-latest-news","15":"tag-latestnews","16":"tag-main-news","17":"tag-mainnews","18":"tag-mundo","19":"tag-news","20":"tag-noticias","21":"tag-noticias-principais","22":"tag-noticiasprincipais","23":"tag-polu00f3nia","24":"tag-principais-noticias","25":"tag-principaisnoticias","26":"tag-top-stories","27":"tag-topstories","28":"tag-ultimas","29":"tag-ultimas-noticias","30":"tag-ultimasnoticias","31":"tag-world","32":"tag-world-news","33":"tag-worldnews"},"share_on_mastodon":{"url":"","error":""},"_links":{"self":[{"href":"https:\/\/www.europesays.com\/pt\/wp-json\/wp\/v2\/posts\/19527","targetHints":{"allow":["GET"]}}],"collection":[{"href":"https:\/\/www.europesays.com\/pt\/wp-json\/wp\/v2\/posts"}],"about":[{"href":"https:\/\/www.europesays.com\/pt\/wp-json\/wp\/v2\/types\/post"}],"author":[{"embeddable":true,"href":"https:\/\/www.europesays.com\/pt\/wp-json\/wp\/v2\/users\/2"}],"replies":[{"embeddable":true,"href":"https:\/\/www.europesays.com\/pt\/wp-json\/wp\/v2\/comments?post=19527"}],"version-history":[{"count":0,"href":"https:\/\/www.europesays.com\/pt\/wp-json\/wp\/v2\/posts\/19527\/revisions"}],"wp:featuredmedia":[{"embeddable":true,"href":"https:\/\/www.europesays.com\/pt\/wp-json\/wp\/v2\/media\/19528"}],"wp:attachment":[{"href":"https:\/\/www.europesays.com\/pt\/wp-json\/wp\/v2\/media?parent=19527"}],"wp:term":[{"taxonomy":"category","embeddable":true,"href":"https:\/\/www.europesays.com\/pt\/wp-json\/wp\/v2\/categories?post=19527"},{"taxonomy":"post_tag","embeddable":true,"href":"https:\/\/www.europesays.com\/pt\/wp-json\/wp\/v2\/tags?post=19527"}],"curies":[{"name":"wp","href":"https:\/\/api.w.org\/{rel}","templated":true}]}}