{"id":195281,"date":"2025-12-19T21:45:18","date_gmt":"2025-12-19T21:45:18","guid":{"rendered":"https:\/\/www.europesays.com\/pt\/195281\/"},"modified":"2025-12-19T21:45:18","modified_gmt":"2025-12-19T21:45:18","slug":"nova-casa-de-kelly-bailey-e-lourenco-ortigao-impressiona-parece-um-centro-comercial","status":"publish","type":"post","link":"https:\/\/www.europesays.com\/pt\/195281\/","title":{"rendered":"Nova casa de Kelly Bailey e Louren\u00e7o Ortig\u00e3o impressiona: &#8220;Parece um centro comercial&#8221;"},"content":{"rendered":"<p><a href=\"https:\/\/selfie.iol.pt\/famosos\/kelly-bailey\/kelly-bailey-recorda-noticia-que-recebeu-durante-gravidez-uma-coisa-que-nunca-tinha-feito\/20251015\/68ef7a31d34e58bc6796e8ab\" target=\"_blank\" rel=\"nofollow noopener\">Kelly Bailey<\/a> e Louren\u00e7o Ortig\u00e3o est\u00e3o a construir a casa de sonho do casal e, agora, foram reveladas imagens daquele que ser\u00e1 o futuro lar dos pais de <a href=\"https:\/\/selfie.iol.pt\/famosos\/lourenco-ortigao\/kelly-bailey-faz-confissao-sobre-o-filho-viraste-o-nosso-mundo-de-cabeca-para-baixo\/20250720\/687d61dad34ef72ee4488888\" target=\"_blank\" rel=\"nofollow noopener\">Vicente Blue, de dois anos<\/a>.<\/p>\n<p>&#8220;Projeto loft&#8221;, pode ler-se na legenda da publica\u00e7\u00e3o realizada pelo gabinete de arquitetos, na qual \u00e9 poss\u00edvel ver-se v\u00e1rios detalhes da luxuosa casa.<\/p>\n<p>Entretanto, as imagens foram comentadas no programa &#8220;Passadeira Vermelha&#8221;, da SIC Caras, e Sara Norte mostrou-se impressionada: &#8220;Parece um centro comercial!&#8221;.<\/p>\n<p>&#8220;Isto \u00e9 gigante, eles precisam de um walkie-talkie&#8221;, brincou, ainda, a atriz, acrescentando: &#8220;Eu fico sempre muito feliz e admiro-os porque s\u00e3o dois jovens que t\u00eam cabe\u00e7a, que juntaram, claro que os ordenados deles s\u00e3o maiores do que a maioria da popula\u00e7\u00e3o que trabalha o mesmo ou mais horas mas a vida \u00e9 mesmo assim, era bom que fosse tudo igual, mas \u00e9 uma utopia. Portanto, fico sempre feliz quando dois jovens portugueses trabalhadores, est\u00e3o a construir uma fam\u00edlia, t\u00eam valores e educa\u00e7\u00e3o, portanto fico sempre feliz. Deve ser uma felicidade enorme, t\u00eam um beb\u00e9 pequenino.&#8221;<\/p>\n<p>Por enquanto, n\u00e3o se sabe quando ser\u00e1 a mudan\u00e7a oficial do casal. Recorde-se que, em outubro, na\u00a0<a href=\"https:\/\/selfie.iol.pt\/famosos\/jose-condessa\/jose-condessa-vive-noite-de-emocoes-fortes-estou-muito-nervoso-mas-entusiasmado\/20251014\/68ee04a9d34e58bc6796db8a\" target=\"_blank\" rel=\"nofollow noopener\">apresenta\u00e7\u00e3o da segunda temporada de &#8220;Rabo de Peixe&#8221;, da Netflix<\/a>, <a href=\"https:\/\/selfie.iol.pt\/famosos\/kelly-bailey\/as-obras-ainda-nao-acabaram-kelly-bailey-revela-data-da-mudanca-para-a-nova-casa\/20251014\/68ee117ad34e58bc6796dc2e\" target=\"_blank\" rel=\"nofollow noopener\">Kelly Bailey<\/a> contou \u00e0 imprensa:\u00a0&#8220;As obras ainda n\u00e3o acabaram. Acho que demoram mais um m\u00eas. Estou ansiosa, mas j\u00e1 estou naquela fase em que estou a tentar gerir as minhas expectativas, porque pode demorar mais. Acho que a parte que me vai dar mais prazer \u00e9 dar alma \u00e0 casa, a decora\u00e7\u00e3o.&#8221;<\/p>\n","protected":false},"excerpt":{"rendered":"Kelly Bailey e Louren\u00e7o Ortig\u00e3o est\u00e3o a construir a casa de sonho do casal e, agora, foram reveladas&hellip;\n","protected":false},"author":2,"featured_media":195282,"comment_status":"","ping_status":"","sticky":false,"template":"","format":"standard","meta":{"footnotes":""},"categories":[85],"tags":[2019,114,115,980,1015,2411,2730,619,161,32,33,1012],"class_list":{"0":"post-195281","1":"post","2":"type-post","3":"status-publish","4":"format-standard","5":"has-post-thumbnail","7":"category-entretenimento","8":"tag-casa","9":"tag-entertainment","10":"tag-entretenimento","11":"tag-famosos","12":"tag-instagram","13":"tag-kelly-bailey","14":"tag-lourenco-ortigao","15":"tag-nacional","16":"tag-novelas","17":"tag-portugal","18":"tag-pt","19":"tag-selfie"},"share_on_mastodon":{"url":"https:\/\/pubeurope.com\/@pt\/115748426841389340","error":""},"_links":{"self":[{"href":"https:\/\/www.europesays.com\/pt\/wp-json\/wp\/v2\/posts\/195281","targetHints":{"allow":["GET"]}}],"collection":[{"href":"https:\/\/www.europesays.com\/pt\/wp-json\/wp\/v2\/posts"}],"about":[{"href":"https:\/\/www.europesays.com\/pt\/wp-json\/wp\/v2\/types\/post"}],"author":[{"embeddable":true,"href":"https:\/\/www.europesays.com\/pt\/wp-json\/wp\/v2\/users\/2"}],"replies":[{"embeddable":true,"href":"https:\/\/www.europesays.com\/pt\/wp-json\/wp\/v2\/comments?post=195281"}],"version-history":[{"count":0,"href":"https:\/\/www.europesays.com\/pt\/wp-json\/wp\/v2\/posts\/195281\/revisions"}],"wp:featuredmedia":[{"embeddable":true,"href":"https:\/\/www.europesays.com\/pt\/wp-json\/wp\/v2\/media\/195282"}],"wp:attachment":[{"href":"https:\/\/www.europesays.com\/pt\/wp-json\/wp\/v2\/media?parent=195281"}],"wp:term":[{"taxonomy":"category","embeddable":true,"href":"https:\/\/www.europesays.com\/pt\/wp-json\/wp\/v2\/categories?post=195281"},{"taxonomy":"post_tag","embeddable":true,"href":"https:\/\/www.europesays.com\/pt\/wp-json\/wp\/v2\/tags?post=195281"}],"curies":[{"name":"wp","href":"https:\/\/api.w.org\/{rel}","templated":true}]}}