{"id":195289,"date":"2025-12-19T21:57:12","date_gmt":"2025-12-19T21:57:12","guid":{"rendered":"https:\/\/www.europesays.com\/pt\/195289\/"},"modified":"2025-12-19T21:57:12","modified_gmt":"2025-12-19T21:57:12","slug":"oficial-cruzeiro-anuncia-dispensa-de-ex-jogadores-de-sporting-e-fc-porto","status":"publish","type":"post","link":"https:\/\/www.europesays.com\/pt\/195289\/","title":{"rendered":"OFICIAL: Cruzeiro anuncia dispensa de ex-jogadores de Sporting e FC Porto"},"content":{"rendered":"<p>O Cruzeiro anunciou as dispensas de Yannick Bolasie, antigo jogador do Sporting, do ex-portista e Estoril Eduardo e de come\u00e7ando a preparar um novo plantel, agora sob o <a href=\"https:\/\/maisfutebol.iol.pt\/brasil\/transferencias\/oficial-tite-e-o-novo-treinador-do-cruzeiro\" rel=\"nofollow noopener\" target=\"_blank\">comando de Tite<\/a>, depois de confirmada tamb\u00e9m a sa\u00edda do treinador Leonardo Jardim.<\/p>\n<p>O jogador franc\u00eas teve uma \u00e9poca muito irregular e chegou a ficar 45 dias sem jogar, entre agosto e setembro, mas apareceu em grande nas \u00faltimas tr\u00eas jornadas da temporada d Brasileir\u00e3o e at\u00e9 caiu nas boas gra\u00e7as dos adeptos, pela forma como festejava os golos em campo, mas tamb\u00e9m pelas publica\u00e7\u00f5es nas redes sociais, a festejar as vit\u00f3rias, mas tamb\u00e9m a provocar o rival Atl\u00e9tico Mineiro depois dos jogos da Ta\u00e7a do Brasil.<\/p>\n<p>No total da temporada, Bolasie marcou quatro golos e fez tr\u00eas assist\u00eancias.<\/p>\n<p>Gamarra, por seu lado, estava emprestado pelo Athletico Paranaense e vai, agora, ser novamente cedido ao Olimpia do Paraguai.<\/p>\n<p>Pese embora os 36 anos que j\u00e1 conta, a dispensa de Eduardo acaba por ser a mais surpreendente, uma vez que foi um dos suplentes mais utilizados ao longo da temporada, tendo totalizado mais de 50 jogos.<\/p>\n<blockquote class=\"twitter-tweet\">\n<p lang=\"pt\">Muito obrigado, Bolasie! \ud83e\udd8a\ud83e\udd1d<\/p>\n<p>O Cruzeiro agradece por toda a dedica\u00e7\u00e3o, profissionalismo e pela alegria no dia a dia e nos memor\u00e1veis v\u00eddeos. Sucesso na sequ\u00eancia da sua carreira!<\/p>\n<p>\ud83d\udcf8 <a href=\"https:\/\/twitter.com\/ggaleixo?ref_src=twsrc%5Etfw\" rel=\"nofollow noopener\" target=\"_blank\">@ggaleixo<\/a> \/ Cruzeiro <a href=\"https:\/\/t.co\/QPxUGxUjcK\" rel=\"nofollow\">pic.twitter.com\/QPxUGxUjcK<\/a><\/p>\n<p> \u2014 Cruzeiro \ud83e\udd8a (@Cruzeiro)<br \/>\n  <a href=\"https:\/\/twitter.com\/Cruzeiro\/status\/2001638350701367424?ref_src=twsrc%5Etfw\" rel=\"nofollow noopener\" target=\"_blank\">December 18, 2025<\/a>\n <\/p><\/blockquote>\n<p>                                <script async src=\"https:\/\/platform.twitter.com\/widgets.js\" charset=\"utf-8\"><\/script><\/p>\n","protected":false},"excerpt":{"rendered":"O Cruzeiro anunciou as dispensas de Yannick Bolasie, antigo jogador do Sporting, do ex-portista e Estoril Eduardo e&hellip;\n","protected":false},"author":2,"featured_media":195290,"comment_status":"","ping_status":"","sticky":false,"template":"","format":"standard","meta":{"footnotes":""},"categories":[87],"tags":[39083,726,6034,135,32872,82,46,32,33,47,134,39084],"class_list":{"0":"post-195289","1":"post","2":"type-post","3":"status-publish","4":"format-standard","5":"has-post-thumbnail","7":"category-desporto","8":"tag-bolasie","9":"tag-brasil","10":"tag-cruzeiro","11":"tag-desporto","12":"tag-dispensado","13":"tag-internacional","14":"tag-maisfutebol","15":"tag-portugal","16":"tag-pt","17":"tag-pura-paixao","18":"tag-sports","19":"tag-yannick-bolasie"},"share_on_mastodon":{"url":"https:\/\/pubeurope.com\/@pt\/115748473789167965","error":""},"_links":{"self":[{"href":"https:\/\/www.europesays.com\/pt\/wp-json\/wp\/v2\/posts\/195289","targetHints":{"allow":["GET"]}}],"collection":[{"href":"https:\/\/www.europesays.com\/pt\/wp-json\/wp\/v2\/posts"}],"about":[{"href":"https:\/\/www.europesays.com\/pt\/wp-json\/wp\/v2\/types\/post"}],"author":[{"embeddable":true,"href":"https:\/\/www.europesays.com\/pt\/wp-json\/wp\/v2\/users\/2"}],"replies":[{"embeddable":true,"href":"https:\/\/www.europesays.com\/pt\/wp-json\/wp\/v2\/comments?post=195289"}],"version-history":[{"count":0,"href":"https:\/\/www.europesays.com\/pt\/wp-json\/wp\/v2\/posts\/195289\/revisions"}],"wp:featuredmedia":[{"embeddable":true,"href":"https:\/\/www.europesays.com\/pt\/wp-json\/wp\/v2\/media\/195290"}],"wp:attachment":[{"href":"https:\/\/www.europesays.com\/pt\/wp-json\/wp\/v2\/media?parent=195289"}],"wp:term":[{"taxonomy":"category","embeddable":true,"href":"https:\/\/www.europesays.com\/pt\/wp-json\/wp\/v2\/categories?post=195289"},{"taxonomy":"post_tag","embeddable":true,"href":"https:\/\/www.europesays.com\/pt\/wp-json\/wp\/v2\/tags?post=195289"}],"curies":[{"name":"wp","href":"https:\/\/api.w.org\/{rel}","templated":true}]}}