{"id":195295,"date":"2025-12-19T22:03:17","date_gmt":"2025-12-19T22:03:17","guid":{"rendered":"https:\/\/www.europesays.com\/pt\/195295\/"},"modified":"2025-12-19T22:03:17","modified_gmt":"2025-12-19T22:03:17","slug":"mercadona-da-mais-uma-semana-de-ferias-aos-funcionarios-e-salario-extra","status":"publish","type":"post","link":"https:\/\/www.europesays.com\/pt\/195295\/","title":{"rendered":"Mercadona d\u00e1 mais uma semana de f\u00e9rias aos funcion\u00e1rios (e sal\u00e1rio extra)"},"content":{"rendered":"<p>Os trabalhadores da Mercadona v\u00e3o ter direito a mais uma semana de f\u00e9rias a partir do pr\u00f3ximo ano, anunciou a empresa de supermercados, esta sexta-feira. Al\u00e9m disso, a marca espanhola vai distribuir uma gratifica\u00e7\u00e3o pelos funcion\u00e1rios, que corresponde a um sal\u00e1rio extra.\u00a0<\/p>\n<p>&#8220;O Comit\u00e9 de Dire\u00e7\u00e3o da Mercadona aprovou o aumento do per\u00edodo de f\u00e9rias em mais uma semana para os 110.000 trabalhadores da empresa, dos quais 7.500 em Portugal, passando de 24 dias para 29 dias \u00fateis de f\u00e9rias por ano. Esta medida, que entrar\u00e1 em vigor em 2026 em Portugal e Espanha e que ser\u00e1 consolidada para os restantes anos, representa uma melhoria significativa na jornada anual dos trabalhadores com o objetivo de que todos os que fazem parte da Mercadona estejam 100% comprometidos e satisfeitos&#8221;, pode ler-se num comunicado a que o Not\u00edcias ao Minuto teve acesso.<\/p>\n<p>Na mesma nota, a empresa explica que, &#8220;com o lan\u00e7amento desta medida, que representar\u00e1 um custo de 100 milh\u00f5es de euros por ano, o modelo pr\u00f3prio de Recursos Humanos da empresa, baseado em ouvir e responder \u00e0s necessidades das suas equipas, continua a evoluir&#8221;.<\/p>\n<p>&#8220;Uma rela\u00e7\u00e3o que permite analisar propostas e, caso tragam valor, como \u00e9 o caso deste aumento das f\u00e9rias, implement\u00e1-las para continuar a refor\u00e7ar a qualidade dos postos de trabalho e a efici\u00eancia conjunta&#8221;, pode ler-se.\u00a0<\/p>\n<p>                                                    Trabalhadores tamb\u00e9m v\u00e3o ter sal\u00e1rio extra<\/p>\n<p>Al\u00e9m desta medida, o Comit\u00e9 de Dire\u00e7\u00e3o da Mercadona &#8220;decidiu, pelo segundo ano consecutivo, distribuir por todos os trabalhadores, no pr\u00f3ximo m\u00eas de mar\u00e7o, uma gratifica\u00e7\u00e3o extra no total de 280 milh\u00f5es de euros, correspondente a um sal\u00e1rio mensal, que acresce ao pr\u00e9mio anual por objetivos, de um ou dois sal\u00e1rios mensais, dependendo do tempo de servi\u00e7o&#8221;.<\/p>\n<p>                                                    <img decoding=\"async\" src=\"https:\/\/www.europesays.com\/pt\/wp-content\/uploads\/2025\/10\/naom_68dfa9aca36d2.jpg\" border=\"0\" alt=\"Mercadona continua a crescer em Portugal: Abre hoje mais um supermercado\"\/><\/p>\n<p>A Mercadona abre, esta quinta-feira, um novo supermercado no Amial, Esta \u00e9 a 4\u00aa loja da cadeia de supermercados na cidade do Porto &#8220;representando um investimento total na cidade de 32 milh\u00f5es de euros&#8221;.<\/p>\n<p>                                                     Not\u00edcias ao Minuto | 13:42 &#8211; 27\/11\/2025 <\/p>\n<p>&#8220;Com esta decis\u00e3o, a Mercadona reconhece tamb\u00e9m o esfor\u00e7o individual e coletivo da sua extraordin\u00e1ria equipa, pilar fundamental para alcan\u00e7ar, ano ap\u00f3s ano, magn\u00edficos resultados em produtividade, efici\u00eancia e gest\u00e3o, essenciais para atingir as metas e objetivos estabelecidos, ap\u00f3s ter aumentado os sal\u00e1rios de 100% da equipa em 8,5% em 2025&#8221;, pode ler-se na nota divulgada.<\/p>\n<p>O grupo espanhol adianta que estas &#8220;medidas, que representam um investimento de 380 milh\u00f5es de euros, demonstram, uma vez mais, o car\u00e1ter pioneiro da Mercadona na satisfa\u00e7\u00e3o dos trabalhadores&#8221;.<\/p>\n<p>&#8220;A empresa est\u00e1 convencida de que, com estas iniciativas, contribuir\u00e1 tamb\u00e9m para refor\u00e7ar a sua competitividade e lideran\u00e7a, porque quanto mais se investe nos trabalhadores, maior \u00e9 o retorno que se obt\u00e9m&#8221;, pode ainda ler-se.\u00a0<\/p>\n<p>                                                    <img decoding=\"async\" src=\"https:\/\/www.europesays.com\/pt\/wp-content\/uploads\/2025\/08\/naom_652f9bec384de.jpg\" border=\"0\" alt=\"J\u00e1 se sabe quando Mercadona abre 2.\u00aa loja em Lisboa. Chega \u00e0s 70 no pa\u00eds\"\/><\/p>\n<p>Grupo de supermercados espanhol vai abrir a segunda loja na cidade de Lisboa no primeiro trimestre de 2026, ou seja, at\u00e9 mar\u00e7o. A empresa atingir\u00e1 tamb\u00e9m o marco das 70 lojas no pa\u00eds.<\/p>\n<p>                                                     Not\u00edcias ao Minuto | 09:03 &#8211; 03\/12\/2025 <\/p>\n<p>Leia Tamb\u00e9m: <a href=\"https:\/\/www.noticiasaominuto.com\/economia\/2900260\/mercadona-acusado-de-discriminacao-e-marcacao-de-faltas-injustificadas\" target=\"_blank\" rel=\"noopener noreferrer nofollow\">Mercadona acusado de discrimina\u00e7\u00e3o e marca\u00e7\u00e3o de faltas injustificadas<\/a><\/p>\n","protected":false},"excerpt":{"rendered":"Os trabalhadores da Mercadona v\u00e3o ter direito a mais uma semana de f\u00e9rias a partir do pr\u00f3ximo ano,&hellip;\n","protected":false},"author":2,"featured_media":131486,"comment_status":"","ping_status":"","sticky":false,"template":"","format":"standard","meta":{"footnotes":""},"categories":[83],"tags":[88,89,90,32,33],"class_list":{"0":"post-195295","1":"post","2":"type-post","3":"status-publish","4":"format-standard","5":"has-post-thumbnail","7":"category-empresas","8":"tag-business","9":"tag-economy","10":"tag-empresas","11":"tag-portugal","12":"tag-pt"},"share_on_mastodon":{"url":"https:\/\/pubeurope.com\/@pt\/115748497464975350","error":""},"_links":{"self":[{"href":"https:\/\/www.europesays.com\/pt\/wp-json\/wp\/v2\/posts\/195295","targetHints":{"allow":["GET"]}}],"collection":[{"href":"https:\/\/www.europesays.com\/pt\/wp-json\/wp\/v2\/posts"}],"about":[{"href":"https:\/\/www.europesays.com\/pt\/wp-json\/wp\/v2\/types\/post"}],"author":[{"embeddable":true,"href":"https:\/\/www.europesays.com\/pt\/wp-json\/wp\/v2\/users\/2"}],"replies":[{"embeddable":true,"href":"https:\/\/www.europesays.com\/pt\/wp-json\/wp\/v2\/comments?post=195295"}],"version-history":[{"count":0,"href":"https:\/\/www.europesays.com\/pt\/wp-json\/wp\/v2\/posts\/195295\/revisions"}],"wp:featuredmedia":[{"embeddable":true,"href":"https:\/\/www.europesays.com\/pt\/wp-json\/wp\/v2\/media\/131486"}],"wp:attachment":[{"href":"https:\/\/www.europesays.com\/pt\/wp-json\/wp\/v2\/media?parent=195295"}],"wp:term":[{"taxonomy":"category","embeddable":true,"href":"https:\/\/www.europesays.com\/pt\/wp-json\/wp\/v2\/categories?post=195295"},{"taxonomy":"post_tag","embeddable":true,"href":"https:\/\/www.europesays.com\/pt\/wp-json\/wp\/v2\/tags?post=195295"}],"curies":[{"name":"wp","href":"https:\/\/api.w.org\/{rel}","templated":true}]}}