{"id":195308,"date":"2025-12-19T22:16:46","date_gmt":"2025-12-19T22:16:46","guid":{"rendered":"https:\/\/www.europesays.com\/pt\/195308\/"},"modified":"2025-12-19T22:16:46","modified_gmt":"2025-12-19T22:16:46","slug":"quebrando-paradigmas-resistencia-e-representatividade-ocupam-o-palco","status":"publish","type":"post","link":"https:\/\/www.europesays.com\/pt\/195308\/","title":{"rendered":"Quebrando Paradigmas: resist\u00eancia e representatividade ocupam o palco"},"content":{"rendered":"<p>\u00daltimos dias para assistir ao espet\u00e1culo Quebrando\u00a0Paradigmas, em cartaz no Centro Cultural Justi\u00e7a Federal, no Rio de Janeiro. A pe\u00e7a aborda a trajet\u00f3ria da identidade negra no Brasil, refletindo sobre resist\u00eancia, arte e representatividade.<img decoding=\"async\" src=\"https:\/\/www.europesays.com\/pt\/wp-content\/uploads\/2025\/12\/1766182601_259_ebc.png\" style=\"width:1px; height:1px; display:inline;\"\/><img decoding=\"async\" src=\"https:\/\/www.europesays.com\/pt\/wp-content\/uploads\/2025\/12\/1766182602_328_ebc.gif\" style=\"width:1px; height:1px; display:inline;\"\/><\/p>\n<p>No palco, a hist\u00f3ria de um jovem negro de periferia, que entra em uma renomada escola de teatro, onde enfrenta conflitos, como a falta de consci\u00eancia social e racial de seus colegas.<\/p>\n<p>A obra \u00e9 inspirada no legado do Teatro Experimental do Negro, fundado pelo ativista Abdias Nascimento, em 1944, e se transformou num marco da luta antirracismo e valoriza\u00e7\u00e3o da cultura do povo preto.<\/p>\n<p>O ator e dramaturgo Lucas Popeta, idealizador de Quebrando\u00a0Paradigmas, explica que a ideia da montagem de surgiu de experi\u00eancias pessoais e de sua inquieta\u00e7\u00e3o em abordar quest\u00f5es pouco apresentadas nos palcos.<\/p>\n<blockquote>\n<p>\u201cA pe\u00e7a \u00e9 inspirada, sim, em fatos reais, porque eu misturo tudo ali que eu passei, o que eu vivi dentro da minha trajet\u00f3ria art\u00edstica para falar do Teatro Experimental do Negro. Ela nasce, se a gente fosse resumir uma palavra, de uma inquieta\u00e7\u00e3o, uma inquieta\u00e7\u00e3o de colocar teatro, de colocar dramaturgia, nas coisas que n\u00e3o s\u00e3o faladas habitualmente, n\u00e3o s\u00e3o ensinadas\u201d.<\/p>\n<\/blockquote>\n<p>Lucas Popeta fala sobre como o Teatro Experimental do Negro influenciou no espet\u00e1culo.<\/p>\n<blockquote>\n<p>\u00a0\u201cEu acho que essa inspira\u00e7\u00e3o do Teatro Experimental do Negro fala da multiplicidade. Fala do negro, m\u00faltiplo do negro que faz m\u00fasica, que dan\u00e7a, que canta, que interpreta, que escreve. Ent\u00e3o, esse \u00e9 o legado do teatro experimental, nessa constru\u00e7\u00e3o em grupo\u201d.<\/p>\n<\/blockquote>\n<p>\u00a0O ator destaca tamb\u00e9m as v\u00e1rias vis\u00f5es e vozes que ecoam em cena.<\/p>\n<blockquote>\n<p>\u201cTem uma frase que norteia o espet\u00e1culo que \u00e9, o Brasil \u00e9 constru\u00eddo por pessoas que a gente ainda n\u00e3o conhece. Ent\u00e3o, dentro do espet\u00e1culo, a gente vai viajar por essas pessoas, pelas vis\u00f5es delas, e trazendo o protagonismo delas perante a vida e perante ao pa\u00eds\u201d.<\/p>\n<\/blockquote>\n<p>Ele ressalta ainda a import\u00e2ncia do espet\u00e1culo, que se reconstr\u00f3i a cada apresenta\u00e7\u00e3o.<\/p>\n<blockquote>\n<p>\u201cEu acho que a minha vis\u00e3o sobre a import\u00e2ncia do espet\u00e1culo \u00e9 o desenvolvimento, que a gente est\u00e1 sempre olhando para construir um futuro melhor, e o espet\u00e1culo por ser teatro, a gente acha que a obra se fecha ali, mas essa \u00e9 uma obra que a cada momento, cada dia, a cada espet\u00e1culo, a cada ano, a cada temporada, a gente vai encontrar algo novo nessa hist\u00f3ria, porque \u00e9 uma hist\u00f3ria que est\u00e1 em constru\u00e7\u00e3o\u201d.<\/p>\n<\/blockquote>\n<p>\u00a0A temporada no Centro Cultural Justi\u00e7a Federal faz parte da Mostra Cultural Consci\u00eancia Negra, para celebrar a\u00a0for\u00e7a, resist\u00eancia e import\u00e2ncia da\u00a0cultura afro-brasileira.<\/p>\n<p>Quebrando\u00a0Paradigmas\u00a0fica em cartaz at\u00e9 \u00a0domingo, na Avenida Rio Branco, 241 \u2013 Centro do Rio,\u00a0 com ingressos a R$ 40 a inteira.<\/p>\n","protected":false},"excerpt":{"rendered":"\u00daltimos dias para assistir ao espet\u00e1culo Quebrando\u00a0Paradigmas, em cartaz no Centro Cultural Justi\u00e7a Federal, no Rio de Janeiro.&hellip;\n","protected":false},"author":2,"featured_media":195309,"comment_status":"","ping_status":"","sticky":false,"template":"","format":"standard","meta":{"footnotes":""},"categories":[84],"tags":[109,107,108,32,33,105,103,104,106,110],"class_list":{"0":"post-195308","1":"post","2":"type-post","3":"status-publish","4":"format-standard","5":"has-post-thumbnail","7":"category-ciencia-e-tecnologia","8":"tag-ciencia","9":"tag-ciencia-e-tecnologia","10":"tag-cienciaetecnologia","11":"tag-portugal","12":"tag-pt","13":"tag-science","14":"tag-science-and-technology","15":"tag-scienceandtechnology","16":"tag-technology","17":"tag-tecnologia"},"share_on_mastodon":{"url":"https:\/\/pubeurope.com\/@pt\/115748548573165136","error":""},"_links":{"self":[{"href":"https:\/\/www.europesays.com\/pt\/wp-json\/wp\/v2\/posts\/195308","targetHints":{"allow":["GET"]}}],"collection":[{"href":"https:\/\/www.europesays.com\/pt\/wp-json\/wp\/v2\/posts"}],"about":[{"href":"https:\/\/www.europesays.com\/pt\/wp-json\/wp\/v2\/types\/post"}],"author":[{"embeddable":true,"href":"https:\/\/www.europesays.com\/pt\/wp-json\/wp\/v2\/users\/2"}],"replies":[{"embeddable":true,"href":"https:\/\/www.europesays.com\/pt\/wp-json\/wp\/v2\/comments?post=195308"}],"version-history":[{"count":0,"href":"https:\/\/www.europesays.com\/pt\/wp-json\/wp\/v2\/posts\/195308\/revisions"}],"wp:featuredmedia":[{"embeddable":true,"href":"https:\/\/www.europesays.com\/pt\/wp-json\/wp\/v2\/media\/195309"}],"wp:attachment":[{"href":"https:\/\/www.europesays.com\/pt\/wp-json\/wp\/v2\/media?parent=195308"}],"wp:term":[{"taxonomy":"category","embeddable":true,"href":"https:\/\/www.europesays.com\/pt\/wp-json\/wp\/v2\/categories?post=195308"},{"taxonomy":"post_tag","embeddable":true,"href":"https:\/\/www.europesays.com\/pt\/wp-json\/wp\/v2\/tags?post=195308"}],"curies":[{"name":"wp","href":"https:\/\/api.w.org\/{rel}","templated":true}]}}