{"id":19531,"date":"2025-08-07T10:21:11","date_gmt":"2025-08-07T10:21:11","guid":{"rendered":"https:\/\/www.europesays.com\/pt\/19531\/"},"modified":"2025-08-07T10:21:11","modified_gmt":"2025-08-07T10:21:11","slug":"cinzas-de-preta-gil-serao-distribuidas-e-transformadas-em-diamantes-diz-jornal","status":"publish","type":"post","link":"https:\/\/www.europesays.com\/pt\/19531\/","title":{"rendered":"Cinzas de Preta Gil ser\u00e3o distribu\u00eddas e transformadas em diamantes, diz jornal"},"content":{"rendered":"<p class=\"Paragraph SCXW2005106 BCX0\" lang=\"PT-BR\" xml:lang=\"PT-BR\">As cinzas da cantora e empres\u00e1ria <a href=\"https:\/\/www.correiobraziliense.com.br\/diversao-e-arte\/2025\/07\/7207859-preta-gil-morre-aos-50-anos-e-deixa-o-brasil-de-luto-oficial.html\" target=\"_blank\" rel=\"nofollow noopener\">Preta Gil<\/a>, que morreu em 20 de julho, ficar\u00e3o, al\u00e9m de no Cemit\u00e9rio da Penit\u00eancia, no Rio de Janeiro, entre diferentes familiares e amigos \u00edntimos. De acordo com apura\u00e7\u00e3o do jornal O Globo, parte dos restos mortais foi colocada em pequenos recipientes que seguir\u00e3o para v\u00e1rios destinos, entre eles a fabrica\u00e7\u00e3o de diamantes.\u00a0<\/p>\n<p class=\"Paragraph SCXW2005106 BCX0\" lang=\"PT-BR\" xml:lang=\"PT-BR\">A distribui\u00e7\u00e3o segue pedido da pr\u00f3pria artista, que expressou o desejo em vida. Al\u00e9m disso, uma escultura do busto dela segue exposta no local em que foi cremada, no \u00faltimo dia 25, como forma de homenagem permanente.\u00a0<\/p>\n<p class=\"Paragraph SCXW2005106 BCX0\" lang=\"PT-BR\" xml:lang=\"PT-BR\">Entre as cinzas que n\u00e3o ficaram junto \u00e0 est\u00e1tua, parte ser\u00e1 espalhada em casa, parte em um cais que ela gostava de frequentar na Bahia e parte transformada em diamante. O jornal, que teve acesso a vontades de destinat\u00e1rios dos restos de Preta, afirma que o objetivo das pessoas pr\u00f3ximas \u00e0 cantora \u00e9 deix\u00e1-la em locais com significado afetivo e <a href=\"https:\/\/www.correiobraziliense.com.br\/diversao-e-arte\/2025\/07\/7206028-preta-gil-uma-historia-de-luta-e-amor-em-imagens.html#google_vignette\" target=\"_blank\" rel=\"nofollow noopener\">eternizar a mem\u00f3ria<\/a> dela.\u00a0<\/p>\n<p class=\"Paragraph SCXW2005106 BCX0\" lang=\"PT-BR\" xml:lang=\"PT-BR\">N\u00e3o se sabe, at\u00e9 o momento, quantos amigos ou familiares receberam o material, nem quem s\u00e3o eles.\u00a0<\/p>\n<p>                            <a href=\"https:\/\/www.correiobraziliense.com.br\/autor\/lara-perpetuo\/page\/1\/\" style=\"height: 100%;\" rel=\"nofollow noopener\" target=\"_blank\"><img decoding=\"async\" class=\"hidden-print author-circle d-block h6 mt-0 mb-0 mr-6 text-center\" src=\"https:\/\/www.europesays.com\/pt\/wp-content\/uploads\/2025\/08\/whatsapp_image_2025_01_17_at_18_46_17-44903697.jpeg\" alt=\"\" width=\"40\" height=\"40\" loading=\"lazy\" style=\"object-fit:cover; width: 40px; height: 40px; margin-right:10px;\"\/><\/a><a href=\"https:\/\/www.correiobraziliense.com.br\/autor\/lara-perpetuo\/page\/1\/\" rel=\"nofollow noopener\" target=\"_blank\"><img decoding=\"async\" class=\"hidden-print author-circle d-block h6 mt-0 mb-0 mr-6 text-center\" src=\"https:\/\/www.europesays.com\/pt\/wp-content\/uploads\/2025\/08\/whatsapp_image_2025_01_17_at_18_46_17-44903697.jpeg\" alt=\"\" width=\"40\" height=\"40\" loading=\"lazy\" style=\"object-fit:cover; width: 40px; height: 40px; margin-right:10px;\"\/><\/a>Lara Perp\u00e9tuo  <strong class=\"entryStrongAuthor\"\/><\/p>\n<p class=\"entryDescricaoAuthor\">Jornalista formada pela Universidade de Bras\u00edlia (UnB). Tamb\u00e9m estudou comunica\u00e7\u00e3o e literatura na Coreia do Sul. Passou pela editoria de Cultura no jornal Correio Braziliense e agora escreve para o CB On-line.<\/p>\n","protected":false},"excerpt":{"rendered":"As cinzas da cantora e empres\u00e1ria Preta Gil, que morreu em 20 de julho, ficar\u00e3o, al\u00e9m de no&hellip;\n","protected":false},"author":2,"featured_media":19532,"comment_status":"","ping_status":"","sticky":false,"template":"","format":"standard","meta":{"footnotes":""},"categories":[145],"tags":[211,210,7194,7195,114,115,1339,1437,32,862,33],"class_list":{"0":"post-19531","1":"post","2":"type-post","3":"status-publish","4":"format-standard","5":"has-post-thumbnail","7":"category-celebridades","8":"tag-celebridades","9":"tag-celebrities","10":"tag-cinzas","11":"tag-diamantes","12":"tag-entertainment","13":"tag-entretenimento","14":"tag-luto","15":"tag-morte","16":"tag-portugal","17":"tag-preta-gil","18":"tag-pt"},"share_on_mastodon":{"url":"","error":""},"_links":{"self":[{"href":"https:\/\/www.europesays.com\/pt\/wp-json\/wp\/v2\/posts\/19531","targetHints":{"allow":["GET"]}}],"collection":[{"href":"https:\/\/www.europesays.com\/pt\/wp-json\/wp\/v2\/posts"}],"about":[{"href":"https:\/\/www.europesays.com\/pt\/wp-json\/wp\/v2\/types\/post"}],"author":[{"embeddable":true,"href":"https:\/\/www.europesays.com\/pt\/wp-json\/wp\/v2\/users\/2"}],"replies":[{"embeddable":true,"href":"https:\/\/www.europesays.com\/pt\/wp-json\/wp\/v2\/comments?post=19531"}],"version-history":[{"count":0,"href":"https:\/\/www.europesays.com\/pt\/wp-json\/wp\/v2\/posts\/19531\/revisions"}],"wp:featuredmedia":[{"embeddable":true,"href":"https:\/\/www.europesays.com\/pt\/wp-json\/wp\/v2\/media\/19532"}],"wp:attachment":[{"href":"https:\/\/www.europesays.com\/pt\/wp-json\/wp\/v2\/media?parent=19531"}],"wp:term":[{"taxonomy":"category","embeddable":true,"href":"https:\/\/www.europesays.com\/pt\/wp-json\/wp\/v2\/categories?post=19531"},{"taxonomy":"post_tag","embeddable":true,"href":"https:\/\/www.europesays.com\/pt\/wp-json\/wp\/v2\/tags?post=19531"}],"curies":[{"name":"wp","href":"https:\/\/api.w.org\/{rel}","templated":true}]}}