{"id":195310,"date":"2025-12-19T22:18:13","date_gmt":"2025-12-19T22:18:13","guid":{"rendered":"https:\/\/www.europesays.com\/pt\/195310\/"},"modified":"2025-12-19T22:18:13","modified_gmt":"2025-12-19T22:18:13","slug":"semana-acaba-com-carteira-mais-recheada-eis-a-chave-do-euromilhoes","status":"publish","type":"post","link":"https:\/\/www.europesays.com\/pt\/195310\/","title":{"rendered":"Semana acaba com carteira mais recheada? Eis a chave do Euromilh\u00f5es"},"content":{"rendered":"<p>J\u00e1 \u00e9 conhecida a chave do Euromilh\u00f5es desta sexta-feira, sorteio que guarda um jackpot de 29 milh\u00f5es de euros. Ser\u00e1 que foi desta?<\/p>\n<p>                                                    \u00a0<\/p>\n<p>Recorde-se que, na ter\u00e7a-feira, saiu um segundo pr\u00e9mio em Fran\u00e7a, no valor de 488.880,94 euros.<\/p>\n<p>                                                    Eis a chave ordenada:<\/p>\n<p>N\u00fameros: 17 &#8211; \u00a021 &#8211; 39 &#8211;\u00a043 &#8211;\u00a044<\/p>\n<p>Estrelas: 1 e 11<\/p>\n<p>Nota: <a href=\"https:\/\/www.jogossantacasa.pt\/\" target=\"_blank\" rel=\"noopener nofollow\">Esta informa\u00e7\u00e3o n\u00e3o dispensa a consulta do site oficial dos Jogos Santa Casa.<\/a><\/p>\n<p>Leia Tamb\u00e9m: <a href=\"https:\/\/www.noticiasaominuto.com\/tech\/2907038\/youtuber-mrbeast-considera-lancar-videos-sobre-investimento\" target=\"_blank\" rel=\"noopener noreferrer nofollow\">Youtuber MrBeast considera lan\u00e7ar v\u00eddeos sobre investimento<\/a><\/p>\n","protected":false},"excerpt":{"rendered":"J\u00e1 \u00e9 conhecida a chave do Euromilh\u00f5es desta sexta-feira, sorteio que guarda um jackpot de 29 milh\u00f5es de&hellip;\n","protected":false},"author":2,"featured_media":195311,"comment_status":"","ping_status":"","sticky":false,"template":"","format":"standard","meta":{"footnotes":""},"categories":[83],"tags":[88,89,90,32,33],"class_list":{"0":"post-195310","1":"post","2":"type-post","3":"status-publish","4":"format-standard","5":"has-post-thumbnail","7":"category-empresas","8":"tag-business","9":"tag-economy","10":"tag-empresas","11":"tag-portugal","12":"tag-pt"},"share_on_mastodon":{"url":"https:\/\/pubeurope.com\/@pt\/115748556236316312","error":""},"_links":{"self":[{"href":"https:\/\/www.europesays.com\/pt\/wp-json\/wp\/v2\/posts\/195310","targetHints":{"allow":["GET"]}}],"collection":[{"href":"https:\/\/www.europesays.com\/pt\/wp-json\/wp\/v2\/posts"}],"about":[{"href":"https:\/\/www.europesays.com\/pt\/wp-json\/wp\/v2\/types\/post"}],"author":[{"embeddable":true,"href":"https:\/\/www.europesays.com\/pt\/wp-json\/wp\/v2\/users\/2"}],"replies":[{"embeddable":true,"href":"https:\/\/www.europesays.com\/pt\/wp-json\/wp\/v2\/comments?post=195310"}],"version-history":[{"count":0,"href":"https:\/\/www.europesays.com\/pt\/wp-json\/wp\/v2\/posts\/195310\/revisions"}],"wp:featuredmedia":[{"embeddable":true,"href":"https:\/\/www.europesays.com\/pt\/wp-json\/wp\/v2\/media\/195311"}],"wp:attachment":[{"href":"https:\/\/www.europesays.com\/pt\/wp-json\/wp\/v2\/media?parent=195310"}],"wp:term":[{"taxonomy":"category","embeddable":true,"href":"https:\/\/www.europesays.com\/pt\/wp-json\/wp\/v2\/categories?post=195310"},{"taxonomy":"post_tag","embeddable":true,"href":"https:\/\/www.europesays.com\/pt\/wp-json\/wp\/v2\/tags?post=195310"}],"curies":[{"name":"wp","href":"https:\/\/api.w.org\/{rel}","templated":true}]}}