{"id":195312,"date":"2025-12-19T22:20:13","date_gmt":"2025-12-19T22:20:13","guid":{"rendered":"https:\/\/www.europesays.com\/pt\/195312\/"},"modified":"2025-12-19T22:20:13","modified_gmt":"2025-12-19T22:20:13","slug":"matou-idosa-sua-vizinha-por-achar-que-lhe-devia-dinheiro","status":"publish","type":"post","link":"https:\/\/www.europesays.com\/pt\/195312\/","title":{"rendered":"Matou idosa sua vizinha por achar que lhe devia dinheiro"},"content":{"rendered":"<p>O homem detido pela PJ por suspeitas de ter assassinado \u00e0 pancada Teresa Oliveira, a idosa encontrada, na ter\u00e7a-feira, morta em casa, em Ada\u00fafe, Braga, admitiu \u00e0 Pol\u00edcia Judici\u00e1ria ser o autor do homic\u00eddio. Estava convencido de que a v\u00edtima lhe devia dinheiro e constava-se na freguesia que ela tinha ganhado a Lotaria. O suspeito, Filipe Azevedo, que padece de esquizofrenia, foi colocado em pris\u00e3o preventiva.<\/p>\n","protected":false},"excerpt":{"rendered":"O homem detido pela PJ por suspeitas de ter assassinado \u00e0 pancada Teresa Oliveira, a idosa encontrada, na&hellip;\n","protected":false},"author":2,"featured_media":195313,"comment_status":"","ping_status":"","sticky":false,"template":"","format":"standard","meta":{"footnotes":""},"categories":[10],"tags":[1912,27,28,15,16,14,5564,603,25,26,21,22,12,13,19,20,32,23,24,33,17,18,29,30,31],"class_list":{"0":"post-195312","1":"post","2":"type-post","3":"status-publish","4":"format-standard","5":"has-post-thumbnail","7":"category-portugal","8":"tag-braga","9":"tag-breaking-news","10":"tag-breakingnews","11":"tag-featured-news","12":"tag-featurednews","13":"tag-headlines","14":"tag-homicidio","15":"tag-justica","16":"tag-latest-news","17":"tag-latestnews","18":"tag-main-news","19":"tag-mainnews","20":"tag-news","21":"tag-noticias","22":"tag-noticias-principais","23":"tag-noticiasprincipais","24":"tag-portugal","25":"tag-principais-noticias","26":"tag-principaisnoticias","27":"tag-pt","28":"tag-top-stories","29":"tag-topstories","30":"tag-ultimas","31":"tag-ultimas-noticias","32":"tag-ultimasnoticias"},"share_on_mastodon":{"url":"https:\/\/pubeurope.com\/@pt\/115748564032535997","error":""},"_links":{"self":[{"href":"https:\/\/www.europesays.com\/pt\/wp-json\/wp\/v2\/posts\/195312","targetHints":{"allow":["GET"]}}],"collection":[{"href":"https:\/\/www.europesays.com\/pt\/wp-json\/wp\/v2\/posts"}],"about":[{"href":"https:\/\/www.europesays.com\/pt\/wp-json\/wp\/v2\/types\/post"}],"author":[{"embeddable":true,"href":"https:\/\/www.europesays.com\/pt\/wp-json\/wp\/v2\/users\/2"}],"replies":[{"embeddable":true,"href":"https:\/\/www.europesays.com\/pt\/wp-json\/wp\/v2\/comments?post=195312"}],"version-history":[{"count":0,"href":"https:\/\/www.europesays.com\/pt\/wp-json\/wp\/v2\/posts\/195312\/revisions"}],"wp:featuredmedia":[{"embeddable":true,"href":"https:\/\/www.europesays.com\/pt\/wp-json\/wp\/v2\/media\/195313"}],"wp:attachment":[{"href":"https:\/\/www.europesays.com\/pt\/wp-json\/wp\/v2\/media?parent=195312"}],"wp:term":[{"taxonomy":"category","embeddable":true,"href":"https:\/\/www.europesays.com\/pt\/wp-json\/wp\/v2\/categories?post=195312"},{"taxonomy":"post_tag","embeddable":true,"href":"https:\/\/www.europesays.com\/pt\/wp-json\/wp\/v2\/tags?post=195312"}],"curies":[{"name":"wp","href":"https:\/\/api.w.org\/{rel}","templated":true}]}}