{"id":195314,"date":"2025-12-19T22:22:19","date_gmt":"2025-12-19T22:22:19","guid":{"rendered":"https:\/\/www.europesays.com\/pt\/195314\/"},"modified":"2025-12-19T22:22:19","modified_gmt":"2025-12-19T22:22:19","slug":"leitura-labial-revela-o-que-vini-jr-fala-para-virginia-em-video-viral-r7-entretenimento","status":"publish","type":"post","link":"https:\/\/www.europesays.com\/pt\/195314\/","title":{"rendered":"Leitura labial revela o que Vini Jr. fala para Virginia em v\u00eddeo viral \u2013 R7 Entretenimento"},"content":{"rendered":"<p>LEIA AQUI O RESUMO DA NOT\u00cdCIA<\/p>\n<ul class=\"b-article-body-custom-embed-brief-news__list\" style=\"margin: 0; padding-left: 20px; list-style-type: disc;\">\n<li>Um especialista em leitura labial revelou o que Vini Jr. disse para Virginia Fonseca em um v\u00eddeo viral.<\/li>\n<li>No registro, Virginia dan\u00e7a a m\u00fasica &#8220;Al\u00f4, Virginia&#8221; enquanto o jogador assiste deitado no sof\u00e1.<\/li>\n<li>Virginia brincou que estava mostrando ao namorado o que aprendeu durante seu trabalho.<\/li>\n<p style=\"font-size: 0.8em; font-style: italic; text-align: right; margin-top: 15px; padding-bottom: 5px; margin-bottom: 0;\">Produzido pela Ri7a &#8211; a Intelig\u00eancia Artificial do R7<\/p>\n<\/ul>\n<p><img decoding=\"async\" data-chromatic=\"ignore\" alt=\"\" class=\"c-image\" loading=\"lazy\" src=\"https:\/\/www.europesays.com\/pt\/wp-content\/uploads\/2025\/12\/OYYNDSWKK5HYLL2BNTMHJEGY3Y.jpg\"  width=\"1920\" height=\"1080\"\/>Virginia faz coreografia para o namorado, Vini Jr. Reprodu\u00e7\u00e3o\/Instagram\/@virginia <\/p>\n<p class=\"jarvics:base-text-neutral-high-400 base-text-[calc(theme(fontSize.xs)_*_var(--font-size,_1))] base-font-normal base-font-primary base-text-neutral-low-500 base-text-left\">Um especialista em leitura labial desvendou o que <a href=\"https:\/\/entretenimento.r7.com\/famosos-e-tv\/feed-tv-arquivo-de-famosos\/apos-um-mes-distante-virginia-embarca-para-a-espanha-para-reencontrar-vini-jr-17122025\/\" target=\"_self\" rel=\"nofollow noopener\" title=\"https:\/\/entretenimento.r7.com\/famosos-e-tv\/feed-tv-arquivo-de-famosos\/apos-um-mes-distante-virginia-embarca-para-a-espanha-para-reencontrar-vini-jr-17122025\/\">Vini Jr.<\/a> falou para <a href=\"https:\/\/www.r7.com\/tudo-sobre\/virginia\/\" target=\"_self\" rel=\"nofollow noopener\" title=\"https:\/\/www.r7.com\/tudo-sobre\/virginia\/\">Virginia Fonseca<\/a> em um v\u00eddeo que viralizou nesta quinta-feira (18). No registro, a influenciadora dan\u00e7a a m\u00fasica Al\u00f4, Virginia \u2014 em que faz o seu passinho que virou meme durante uma apresenta\u00e7\u00e3o em uma escola de samba \u2014, enquanto o jogador assiste a tudo deitado no sof\u00e1.<\/p>\n<p class=\"jarvics:base-text-neutral-high-400 base-text-[calc(theme(fontSize.xs)_*_var(--font-size,_1))] base-font-normal base-font-primary base-text-neutral-low-500 base-text-left\">\u201cEu mostrando para o meu namorado o que eu aprendi enquanto ele trabalhava\u201d, brincou Virginia ao publicar o v\u00eddeo em uma rede social.<\/p>\n<p class=\"jarvics:base-text-neutral-high-400 base-text-[calc(theme(fontSize.xs)_*_var(--font-size,_1))] base-font-normal base-font-primary base-text-neutral-low-500 base-text-left\">Vini, ent\u00e3o, faz um coment\u00e1rio, que n\u00e3o \u00e9 captado pelo \u00e1udio. Mas o especialista em leitura labial Velloso desvendou o mist\u00e9rio.<\/p>\n<p class=\"jarvics:base-text-neutral-high-400 base-text-[calc(theme(fontSize.xs)_*_var(--font-size,_1))] base-font-normal base-font-primary base-text-neutral-low-500 base-text-left\">\u201cT\u00e1 maluca. N\u00e3o, vida. N\u00e3o [risos]. N\u00e3o\u201d, teria dito o jogador de futebol.<\/p>\n<p class=\"jarvics:base-text-neutral-high-400 base-text-[calc(theme(fontSize.xs)_*_var(--font-size,_1))] base-font-normal base-font-primary base-text-neutral-low-500 base-text-left\">Assista ao v\u00eddeo: <\/p>\n<p class=\"jarvics:base-text-neutral-high-400 base-text-[calc(theme(fontSize.xs)_*_var(--font-size,_1))] base-font-normal base-font-primary base-text-neutral-low-500 base-text-left\"><b>Para saber tudo do mundo dos famosos, <\/b><a href=\"https:\/\/whatsapp.com\/channel\/0029Va9UfKcHQbRyCyhPt71R\" rel=\"nofollow noopener\" target=\"_blank\"><b>siga o canal de entretenimento do R7<\/b><\/a><b>, o portal de not\u00edcias da RECORD, no WhatsApp<\/b><\/p>\n","protected":false},"excerpt":{"rendered":"LEIA AQUI O RESUMO DA NOT\u00cdCIA Um especialista em leitura labial revelou o que Vini Jr. disse para&hellip;\n","protected":false},"author":2,"featured_media":195315,"comment_status":"","ping_status":"","sticky":false,"template":"","format":"standard","meta":{"footnotes":""},"categories":[145],"tags":[211,210,114,115,980,32,33,151,15529,973],"class_list":{"0":"post-195314","1":"post","2":"type-post","3":"status-publish","4":"format-standard","5":"has-post-thumbnail","7":"category-celebridades","8":"tag-celebridades","9":"tag-celebrities","10":"tag-entertainment","11":"tag-entretenimento","12":"tag-famosos","13":"tag-portugal","14":"tag-pt","15":"tag-tv","16":"tag-vinicius-junior","17":"tag-virginia"},"share_on_mastodon":{"url":"https:\/\/pubeurope.com\/@pt\/115748572158485183","error":""},"_links":{"self":[{"href":"https:\/\/www.europesays.com\/pt\/wp-json\/wp\/v2\/posts\/195314","targetHints":{"allow":["GET"]}}],"collection":[{"href":"https:\/\/www.europesays.com\/pt\/wp-json\/wp\/v2\/posts"}],"about":[{"href":"https:\/\/www.europesays.com\/pt\/wp-json\/wp\/v2\/types\/post"}],"author":[{"embeddable":true,"href":"https:\/\/www.europesays.com\/pt\/wp-json\/wp\/v2\/users\/2"}],"replies":[{"embeddable":true,"href":"https:\/\/www.europesays.com\/pt\/wp-json\/wp\/v2\/comments?post=195314"}],"version-history":[{"count":0,"href":"https:\/\/www.europesays.com\/pt\/wp-json\/wp\/v2\/posts\/195314\/revisions"}],"wp:featuredmedia":[{"embeddable":true,"href":"https:\/\/www.europesays.com\/pt\/wp-json\/wp\/v2\/media\/195315"}],"wp:attachment":[{"href":"https:\/\/www.europesays.com\/pt\/wp-json\/wp\/v2\/media?parent=195314"}],"wp:term":[{"taxonomy":"category","embeddable":true,"href":"https:\/\/www.europesays.com\/pt\/wp-json\/wp\/v2\/categories?post=195314"},{"taxonomy":"post_tag","embeddable":true,"href":"https:\/\/www.europesays.com\/pt\/wp-json\/wp\/v2\/tags?post=195314"}],"curies":[{"name":"wp","href":"https:\/\/api.w.org\/{rel}","templated":true}]}}