{"id":195318,"date":"2025-12-19T22:27:23","date_gmt":"2025-12-19T22:27:23","guid":{"rendered":"https:\/\/www.europesays.com\/pt\/195318\/"},"modified":"2025-12-19T22:27:23","modified_gmt":"2025-12-19T22:27:23","slug":"marty-supreme-sequer-estreou-e-ja-quebrou-recorde-de-bilheteria-na-a24","status":"publish","type":"post","link":"https:\/\/www.europesays.com\/pt\/195318\/","title":{"rendered":"Marty Supreme sequer estreou e j\u00e1 quebrou recorde de bilheteria na A24"},"content":{"rendered":"<p class=\"wp-block-yoast-seo-estimated-reading-time yoast-reading-time__wrapper\">Estimated reading time: 2 minutos<\/p>\n<p><a href=\"https:\/\/ovicio.com.br\/tag\/Timothee-Chalamet\/\" target=\"_blank\" rel=\"noreferrer noopener nofollow\">Timoth\u00e9e Chalamet<\/a>\u00a0est\u00e1 causando um impacto real na venda de\u00a0<a href=\"https:\/\/ovicio.com.br\/tag\/marty-supreme\" rel=\"nofollow noopener\" target=\"_blank\">Marty Supreme (2025)<\/a>, pois o longa j\u00e1 quebrou um recorde de bilheteria da <strong>A24 <\/strong>sem sequer estrear.<\/p>\n<p><strong>A pr\u00e9-venda do drama original \u00e9 a mais r\u00e1pida da hist\u00f3ria da A24. <\/strong>O filme j\u00e1 registra mais de 65 sess\u00f5es esgotadas de um total de 100 hor\u00e1rios dispon\u00edveis, com mais de 70% dos ingressos vendidos no geral.<\/p>\n<p><strong>Marty Supreme (2025)<\/strong> teve um lan\u00e7amento limitado a seis salas nos Estados Unidos ontem (18). A estreia oficial acontecer\u00e1 semana que vem, no dia<strong> 25 de dezembro<\/strong>. A expectativa \u00e9 de uma \u00f3tima jornada dom\u00e9stica.<\/p>\n<p>No Brasil, <strong>Marty Supreme (2025)<\/strong> estreia apenas em <strong>22 de janeiro<\/strong>, com exibi\u00e7\u00f5es antecipadas acontecendo a partir do dia 8.<\/p>\n<p>A estrat\u00e9gia de marketing da <strong>A24 <\/strong>est\u00e1 muito agressiva. Ela incluiu um v\u00eddeo viral de um dirig\u00edvel e colabora\u00e7\u00f5es de moda, como moletons de edi\u00e7\u00e3o limitada usados por <strong>Tom Brady <\/strong>e<strong> Kid Cudi<\/strong>.<\/p>\n<p>A campanha contou ainda com a\u00e7\u00f5es promocionais em Nova York, Londres e no Brasil, incluindo parcerias estrat\u00e9gicas com o Airbnb para um torneio de t\u00eanis de mesa e com a NBA para comerciais especiais.<\/p>\n<p>Leia tamb\u00e9m sobre Marty Supreme:<\/p>\n<p><strong>Fonte:\u00a0<\/strong><a href=\"https:\/\/deadline.com\/2025\/12\/indie-films-opening-timothee-chalamet-marty-supreme-a24-presales-1236653727\/\" target=\"_blank\" rel=\"noreferrer noopener nofollow\">Deadline<\/a><\/p>\n","protected":false},"excerpt":{"rendered":"Estimated reading time: 2 minutos Timoth\u00e9e Chalamet\u00a0est\u00e1 causando um impacto real na venda de\u00a0Marty Supreme (2025), pois o&hellip;\n","protected":false},"author":2,"featured_media":195319,"comment_status":"","ping_status":"","sticky":false,"template":"","format":"standard","meta":{"footnotes":""},"categories":[140],"tags":[18511,114,115,147,148,18519,28480,146,1409,12350,32,33,10558],"class_list":{"0":"post-195318","1":"post","2":"type-post","3":"status-publish","4":"format-standard","5":"has-post-thumbnail","7":"category-filmes","8":"tag-a24","9":"tag-entertainment","10":"tag-entretenimento","11":"tag-film","12":"tag-filmes","13":"tag-josh-safdie","14":"tag-marty-supreme","15":"tag-movies","16":"tag-oscar","17":"tag-oscar-2026","18":"tag-portugal","19":"tag-pt","20":"tag-timothee-chalamet"},"share_on_mastodon":{"url":"https:\/\/pubeurope.com\/@pt\/115748592140039618","error":""},"_links":{"self":[{"href":"https:\/\/www.europesays.com\/pt\/wp-json\/wp\/v2\/posts\/195318","targetHints":{"allow":["GET"]}}],"collection":[{"href":"https:\/\/www.europesays.com\/pt\/wp-json\/wp\/v2\/posts"}],"about":[{"href":"https:\/\/www.europesays.com\/pt\/wp-json\/wp\/v2\/types\/post"}],"author":[{"embeddable":true,"href":"https:\/\/www.europesays.com\/pt\/wp-json\/wp\/v2\/users\/2"}],"replies":[{"embeddable":true,"href":"https:\/\/www.europesays.com\/pt\/wp-json\/wp\/v2\/comments?post=195318"}],"version-history":[{"count":0,"href":"https:\/\/www.europesays.com\/pt\/wp-json\/wp\/v2\/posts\/195318\/revisions"}],"wp:featuredmedia":[{"embeddable":true,"href":"https:\/\/www.europesays.com\/pt\/wp-json\/wp\/v2\/media\/195319"}],"wp:attachment":[{"href":"https:\/\/www.europesays.com\/pt\/wp-json\/wp\/v2\/media?parent=195318"}],"wp:term":[{"taxonomy":"category","embeddable":true,"href":"https:\/\/www.europesays.com\/pt\/wp-json\/wp\/v2\/categories?post=195318"},{"taxonomy":"post_tag","embeddable":true,"href":"https:\/\/www.europesays.com\/pt\/wp-json\/wp\/v2\/tags?post=195318"}],"curies":[{"name":"wp","href":"https:\/\/api.w.org\/{rel}","templated":true}]}}