{"id":19533,"date":"2025-08-07T10:25:04","date_gmt":"2025-08-07T10:25:04","guid":{"rendered":"https:\/\/www.europesays.com\/pt\/19533\/"},"modified":"2025-08-07T10:25:04","modified_gmt":"2025-08-07T10:25:04","slug":"abel-morre-mas-tony-ramos-continuara-aparecendo-em-dona-de-mim","status":"publish","type":"post","link":"https:\/\/www.europesays.com\/pt\/19533\/","title":{"rendered":"Abel morre, mas Tony Ramos continuar\u00e1 aparecendo em &#8216;Dona de Mim&#8217;"},"content":{"rendered":"<p><img decoding=\"async\" fetchpriority=\"high\" src=\"https:\/\/www.europesays.com\/pt\/wp-content\/uploads\/2025\/08\/7w3uyi4ichkxvpzw8i268w8es.jpg\" width=\"906\" height=\"509\" alt=\"Tony Ramos como Abel em \" dona=\"Dona\" de=\"de\" mim=\"Mim\" title=\"Tony Ramos como Abel em \"\/>Reprodu\u00e7ao TV Globo<\/p>\n<p>Tony Ramos como Abel em &#8220;Dona de Mim&#8221;<\/p>\n<p class=\"\">Int\u00e9rprete de\u00a0 <a href=\"https:\/\/gente.ig.com.br\/tvenovela\/2025-05-17\/quem-e-quem-em-dona-de-mim-conheca-o-elenco.html\" target=\"_blank\" rel=\"noopener nofollow\" data-mce-href=\"https:\/\/gente.ig.com.br\/tvenovela\/2025-05-17\/quem-e-quem-em-dona-de-mim-conheca-o-elenco.html\" data-mce->Abel em &#8220;Dona de Mim&#8221;,<\/a> <strong>Tony Ramos<\/strong> n\u00e3o deixar\u00e1 de aparecer nas telinhas. Mesmo que o personagem tenha morrido na \u00faltima ter\u00e7a-feira (5), o veterano continuar\u00e1 sendo visto no folhetim escrito por <strong>Rosane Svartman<\/strong> e dirigido por <strong>Allan Fiterman.<\/strong><\/p>\n<p class=\"\">Isso porque\u00a0 <a href=\"https:\/\/gente.ig.com.br\/celebridades\/2024-11-26\/tony-ramos-fala-de-cirurgias-que-realizou-e-avalia-ano---estou-chegando-novo-para-2025-.html\" target=\"_blank\" rel=\"noopener nofollow\" data-mce-href=\"https:\/\/gente.ig.com.br\/celebridades\/2024-11-26\/tony-ramos-fala-de-cirurgias-que-realizou-e-avalia-ano---estou-chegando-novo-para-2025-.html\" data-mce->Tony<\/a> deixou uma grande leva de cenas gravadas e que ser\u00e3o desmembradas ao longo da narrativa das sete. Em algumas sequ\u00eancias, ele surgir\u00e1 em flashbacks. J\u00e1 em outras, aparecer\u00e1 como esp\u00edrito, em sonhos e momentos decisivos, como aconteceu ao se despedir da m\u00e3e, <strong>Rosa (Suely Franco).<\/strong><\/p>\n<p class=\"\">Na trama, o presidente da Boaz Lingerie morreu ao lado de <strong>Rebeca (Silvia Pfeifer).<\/strong> Os dois estavam indo ao encontro de <strong>Vanderson (Armando Babaioff)<\/strong> para resgatar <strong>Sofia (Elis Cabral)<\/strong> e fazer um v\u00eddeo no qual o vil\u00e3o afirmaria abdicar da guarda da crian\u00e7a.<\/p>\n<p class=\"\">Eles, contudo, nunca chegaram ao destino previsto.\u00a0 <a href=\"https:\/\/gente.ig.com.br\/tvenovela\/2025-04-18\/apos-termino-polemico-marcello-novaes-volta-as-novelas-da-globo.html\" target=\"_blank\" rel=\"noopener nofollow\" data-mce-href=\"https:\/\/gente.ig.com.br\/tvenovela\/2025-04-18\/apos-termino-polemico-marcello-novaes-volta-as-novelas-da-globo.html\" data-mce->Jaques (Marcello Novaes),<\/a> irm\u00e3o de <strong>Abel,<\/strong> sabotou o carro do protagonista, fazendo com que ele sofresse um acidente fatal. A princ\u00edpio, apenas o corpo de <strong>Rebeca<\/strong> ser\u00e1 encontrado.<\/p>\n<p class=\"\">Alguns dias depois, a fam\u00edlia <strong>Boaz<\/strong> se envolver\u00e1 no luto ap\u00f3s os restos mortais do patriarca serem encontrados. Nos pr\u00f3ximos cap\u00edtulos, <strong>Ayla (Bel Lima)<\/strong> e <strong>Davi (Rafa Vitti)<\/strong> ainda descobrir\u00e3o que n\u00e3o s\u00e3o filhos biol\u00f3gicos de <strong>Abel,<\/strong> mas sim de <strong>Jaques.<\/strong><\/p>\n<p>T\u00e9rmino<\/p>\n<p class=\"\">Escrita por <strong>Rosane Svartman<\/strong> e com dire\u00e7\u00e3o de <strong>Allan Fiterman,<\/strong> &#8220;Dona de Mim&#8221; se despedir\u00e1 da grade da Globo em janeiro de 2026. A substituta ser\u00e1\u00a0 <a href=\"https:\/\/gente.ig.com.br\/tvenovela\/2025-05-06\/isabelle-drummond-quebra-jejum-de-novelas-e-retorna-a-globo.html\" target=\"_blank\" rel=\"noopener nofollow\" data-mce-href=\"https:\/\/gente.ig.com.br\/tvenovela\/2025-05-06\/isabelle-drummond-quebra-jejum-de-novelas-e-retorna-a-globo.html\" data-mce->&#8220;Cora\u00e7\u00e3o Alerado&#8221;,<\/a> que traz <strong>Gabz<\/strong> e <strong>Isadora Cruz<\/strong> como as protagonista de uma trama pautada no feminejo brasileiro.<\/p>\n<p>Leia mais<\/p>\n","protected":false},"excerpt":{"rendered":"Reprodu\u00e7ao TV Globo Tony Ramos como Abel em &#8220;Dona de Mim&#8221; Int\u00e9rprete de\u00a0 Abel em &#8220;Dona de Mim&#8221;,&hellip;\n","protected":false},"author":2,"featured_media":19534,"comment_status":"","ping_status":"","sticky":false,"template":"","format":"standard","meta":{"footnotes":""},"categories":[142],"tags":[7153,1718,114,115,32,33,6463,151],"class_list":{"0":"post-19533","1":"post","2":"type-post","3":"status-publish","4":"format-standard","5":"has-post-thumbnail","7":"category-tv","8":"tag-abel","9":"tag-dona-de-mim","10":"tag-entertainment","11":"tag-entretenimento","12":"tag-portugal","13":"tag-pt","14":"tag-tony-ramos","15":"tag-tv"},"share_on_mastodon":{"url":"","error":""},"_links":{"self":[{"href":"https:\/\/www.europesays.com\/pt\/wp-json\/wp\/v2\/posts\/19533","targetHints":{"allow":["GET"]}}],"collection":[{"href":"https:\/\/www.europesays.com\/pt\/wp-json\/wp\/v2\/posts"}],"about":[{"href":"https:\/\/www.europesays.com\/pt\/wp-json\/wp\/v2\/types\/post"}],"author":[{"embeddable":true,"href":"https:\/\/www.europesays.com\/pt\/wp-json\/wp\/v2\/users\/2"}],"replies":[{"embeddable":true,"href":"https:\/\/www.europesays.com\/pt\/wp-json\/wp\/v2\/comments?post=19533"}],"version-history":[{"count":0,"href":"https:\/\/www.europesays.com\/pt\/wp-json\/wp\/v2\/posts\/19533\/revisions"}],"wp:featuredmedia":[{"embeddable":true,"href":"https:\/\/www.europesays.com\/pt\/wp-json\/wp\/v2\/media\/19534"}],"wp:attachment":[{"href":"https:\/\/www.europesays.com\/pt\/wp-json\/wp\/v2\/media?parent=19533"}],"wp:term":[{"taxonomy":"category","embeddable":true,"href":"https:\/\/www.europesays.com\/pt\/wp-json\/wp\/v2\/categories?post=19533"},{"taxonomy":"post_tag","embeddable":true,"href":"https:\/\/www.europesays.com\/pt\/wp-json\/wp\/v2\/tags?post=19533"}],"curies":[{"name":"wp","href":"https:\/\/api.w.org\/{rel}","templated":true}]}}