{"id":195358,"date":"2025-12-19T23:10:17","date_gmt":"2025-12-19T23:10:17","guid":{"rendered":"https:\/\/www.europesays.com\/pt\/195358\/"},"modified":"2025-12-19T23:10:17","modified_gmt":"2025-12-19T23:10:17","slug":"francisco-macau-vive-pos-operatorio-muito-dificil-melhores-dias-virao","status":"publish","type":"post","link":"https:\/\/www.europesays.com\/pt\/195358\/","title":{"rendered":"Francisco Macau vive p\u00f3s-operat\u00f3rio &#8220;muito dif\u00edcil&#8221;: &#8220;Melhores dias vir\u00e3o&#8221;"},"content":{"rendered":"<p><a href=\"https:\/\/selfie.iol.pt\/famosos\/francisco-macau\/francisco-macau-mostra-se-no-hospital-estou-cheio-de-dores\/20251216\/6941491dd34e2bd5c6d5286b\" target=\"_blank\" rel=\"nofollow noopener\">Francisco Macau<\/a> foi operado, recentemente, a tr\u00eas h\u00e9rnias &#8211; duas inguinais e uma abdominal. A enfrentar um per\u00edodo de recupera\u00e7\u00e3o, o personal trainer\u00a0revelou como est\u00e1 a ser este momento.<\/p>\n<p>&#8220;Nunca \u00e9 f\u00e1cil um p\u00f3s-operat\u00f3rio, mas este est\u00e1 a ser muito dif\u00edcil&#8221;, desabafou Francisco Macau, esta sexta-feira, dia 19, na legenda de uma imagem partilhada no Instagram.<\/p>\n<p>Ainda assim, o tamb\u00e9m ex-concorrente do reality show da <a href=\"https:\/\/tvi.iol.pt\/\" target=\"_blank\" rel=\"nofollow noopener\">TVI<\/a> &#8220;<a href=\"https:\/\/tvi.iol.pt\/bigbrother\/\" target=\"_blank\" rel=\"nofollow noopener\">Big Brother<\/a> VIP&#8221; mostrou-se confiante. &#8220;Melhores dias vir\u00e3o&#8221;, vaticinou.<\/p>\n<p>Veja, agora, nas galerias que prepar\u00e1mos para si, as melhores imagens de <a href=\"https:\/\/selfie.iol.pt\/famosos\/big-brother\/francisco-macau-revela-problema-de-saude-estas-cicatrizes-na-minha-barriga\/20251217\/694273b3d34e3caad84c78b7\" target=\"_blank\" rel=\"nofollow noopener\">Francisco Macau<\/a>.<\/p>\n<p style=\"text-align:center\"><img loading=\"lazy\" decoding=\"async\" alt=\"\" height=\"889\" src=\"https:\/\/www.europesays.com\/pt\/wp-content\/uploads\/2025\/12\/6945ac93d34e2bd5c6d556da.webp\" width=\"500\"\/><\/p>\n<p>\u00a0<\/p>\n","protected":false},"excerpt":{"rendered":"Francisco Macau foi operado, recentemente, a tr\u00eas h\u00e9rnias &#8211; duas inguinais e uma abdominal. A enfrentar um per\u00edodo&hellip;\n","protected":false},"author":2,"featured_media":195359,"comment_status":"","ping_status":"","sticky":false,"template":"","format":"standard","meta":{"footnotes":""},"categories":[142],"tags":[6308,48,11440,5953,114,115,980,3503,1015,619,5750,11441,32,33,1014,1012,151,162],"class_list":{"0":"post-195358","1":"post","2":"type-post","3":"status-publish","4":"format-standard","5":"has-post-thumbnail","7":"category-tv","8":"tag-bb","9":"tag-big-brother","10":"tag-big-brother-vip","11":"tag-cirurgia","12":"tag-entertainment","13":"tag-entretenimento","14":"tag-famosos","15":"tag-francisco-macau","16":"tag-instagram","17":"tag-nacional","18":"tag-operacao","19":"tag-personal-trainer","20":"tag-portugal","21":"tag-pt","22":"tag-reality-show","23":"tag-selfie","24":"tag-tv","25":"tag-tvi"},"share_on_mastodon":{"url":"https:\/\/pubeurope.com\/@pt\/115748761087336261","error":""},"_links":{"self":[{"href":"https:\/\/www.europesays.com\/pt\/wp-json\/wp\/v2\/posts\/195358","targetHints":{"allow":["GET"]}}],"collection":[{"href":"https:\/\/www.europesays.com\/pt\/wp-json\/wp\/v2\/posts"}],"about":[{"href":"https:\/\/www.europesays.com\/pt\/wp-json\/wp\/v2\/types\/post"}],"author":[{"embeddable":true,"href":"https:\/\/www.europesays.com\/pt\/wp-json\/wp\/v2\/users\/2"}],"replies":[{"embeddable":true,"href":"https:\/\/www.europesays.com\/pt\/wp-json\/wp\/v2\/comments?post=195358"}],"version-history":[{"count":0,"href":"https:\/\/www.europesays.com\/pt\/wp-json\/wp\/v2\/posts\/195358\/revisions"}],"wp:featuredmedia":[{"embeddable":true,"href":"https:\/\/www.europesays.com\/pt\/wp-json\/wp\/v2\/media\/195359"}],"wp:attachment":[{"href":"https:\/\/www.europesays.com\/pt\/wp-json\/wp\/v2\/media?parent=195358"}],"wp:term":[{"taxonomy":"category","embeddable":true,"href":"https:\/\/www.europesays.com\/pt\/wp-json\/wp\/v2\/categories?post=195358"},{"taxonomy":"post_tag","embeddable":true,"href":"https:\/\/www.europesays.com\/pt\/wp-json\/wp\/v2\/tags?post=195358"}],"curies":[{"name":"wp","href":"https:\/\/api.w.org\/{rel}","templated":true}]}}