{"id":195370,"date":"2025-12-19T23:16:11","date_gmt":"2025-12-19T23:16:11","guid":{"rendered":"https:\/\/www.europesays.com\/pt\/195370\/"},"modified":"2025-12-19T23:16:11","modified_gmt":"2025-12-19T23:16:11","slug":"conversa-com-ia-pode-ser-traicao-para-60-dos-brasileiros-diz-pesquisa","status":"publish","type":"post","link":"https:\/\/www.europesays.com\/pt\/195370\/","title":{"rendered":"Conversa com IA pode ser trai\u00e7\u00e3o para 60% dos brasileiros, diz pesquisa"},"content":{"rendered":"<p class=\"my-5 break-words group-[.isActiveSource]:text-xl\">Uma pesquisa aponta que seis em cada dez brasileiros consideram que manter um relacionamento afetivo e er\u00f3tico com a intelig\u00eancia artificial pode ser considerado trai\u00e7\u00e3o caso a pessoa esteja em um relacionamento.<\/p>\n<p class=\"my-5 break-words group-[.isActiveSource]:text-xl\">O levantamento ouviu usu\u00e1rios do Gleeden, plataforma internacional especializada em rela\u00e7\u00f5es sem compromisso e comportamento afetivo, ao longo do m\u00eas de novembro.<\/p>\n<p class=\"my-5 break-words group-[.isActiveSource]:text-xl\">A preocupa\u00e7\u00e3o pode parecer distante para alguns, mas 36% disse que considera a possibilidade de se abrir emocionalmente com uma IA e 29% admitiu j\u00e1 ter usado a ferramenta com fins er\u00f3ticos \u201c\u00e0s vezes\u201d ou \u201cfrequentemente\u201d.<\/p>\n<p class=\"my-5 break-words group-[.isActiveSource]:text-xl\">A ideia de se apaixonar por uma IA ainda enfrenta bastante ceticismo no Brasil: 83% dos entrevistados disseram que isso seria imposs\u00edvel, e apenas 17% admitiram que \u201cpoderia acontecer\u201d.<\/p>\n<p class=\"my-5 break-words group-[.isActiveSource]:text-xl\">Tha\u00eds Plaza, terapeuta sexual e embaixadora do Gleeden no Brasil, pontuou que a tecnologia geralmente n\u00e3o \u00e9 a origem dos problemas, mas pode servir como fuga para quest\u00f5es j\u00e1 existentes na rela\u00e7\u00e3o.<\/p>\n<p class=\"my-5 break-words group-[.isActiveSource]:text-xl\">\u201cA IA n\u00e3o \u00e9 o ponto de partida de um div\u00f3rcio; ela nem deveria ser colocada como pauta ou motivo de uma separa\u00e7\u00e3o. Quando algu\u00e9m recorre a uma intelig\u00eancia artificial para suprir algo, geralmente isso revela um vazio afetivo ou uma dificuldade pr\u00e9-existente no relacionamento\u201d, disse Plaza.<\/p>\n","protected":false},"excerpt":{"rendered":"Uma pesquisa aponta que seis em cada dez brasileiros consideram que manter um relacionamento afetivo e er\u00f3tico com&hellip;\n","protected":false},"author":2,"featured_media":195371,"comment_status":"","ping_status":"","sticky":false,"template":"","format":"standard","meta":{"footnotes":""},"categories":[84],"tags":[109,107,108,32,33,105,103,104,106,110],"class_list":{"0":"post-195370","1":"post","2":"type-post","3":"status-publish","4":"format-standard","5":"has-post-thumbnail","7":"category-ciencia-e-tecnologia","8":"tag-ciencia","9":"tag-ciencia-e-tecnologia","10":"tag-cienciaetecnologia","11":"tag-portugal","12":"tag-pt","13":"tag-science","14":"tag-science-and-technology","15":"tag-scienceandtechnology","16":"tag-technology","17":"tag-tecnologia"},"share_on_mastodon":{"url":"https:\/\/pubeurope.com\/@pt\/115748784239150340","error":""},"_links":{"self":[{"href":"https:\/\/www.europesays.com\/pt\/wp-json\/wp\/v2\/posts\/195370","targetHints":{"allow":["GET"]}}],"collection":[{"href":"https:\/\/www.europesays.com\/pt\/wp-json\/wp\/v2\/posts"}],"about":[{"href":"https:\/\/www.europesays.com\/pt\/wp-json\/wp\/v2\/types\/post"}],"author":[{"embeddable":true,"href":"https:\/\/www.europesays.com\/pt\/wp-json\/wp\/v2\/users\/2"}],"replies":[{"embeddable":true,"href":"https:\/\/www.europesays.com\/pt\/wp-json\/wp\/v2\/comments?post=195370"}],"version-history":[{"count":0,"href":"https:\/\/www.europesays.com\/pt\/wp-json\/wp\/v2\/posts\/195370\/revisions"}],"wp:featuredmedia":[{"embeddable":true,"href":"https:\/\/www.europesays.com\/pt\/wp-json\/wp\/v2\/media\/195371"}],"wp:attachment":[{"href":"https:\/\/www.europesays.com\/pt\/wp-json\/wp\/v2\/media?parent=195370"}],"wp:term":[{"taxonomy":"category","embeddable":true,"href":"https:\/\/www.europesays.com\/pt\/wp-json\/wp\/v2\/categories?post=195370"},{"taxonomy":"post_tag","embeddable":true,"href":"https:\/\/www.europesays.com\/pt\/wp-json\/wp\/v2\/tags?post=195370"}],"curies":[{"name":"wp","href":"https:\/\/api.w.org\/{rel}","templated":true}]}}