{"id":195376,"date":"2025-12-19T23:24:10","date_gmt":"2025-12-19T23:24:10","guid":{"rendered":"https:\/\/www.europesays.com\/pt\/195376\/"},"modified":"2025-12-19T23:24:10","modified_gmt":"2025-12-19T23:24:10","slug":"jessica-vieira-fala-sobre-distancia-da-mae-ela-sofre-um-bocadinho","status":"publish","type":"post","link":"https:\/\/www.europesays.com\/pt\/195376\/","title":{"rendered":"J\u00e9ssica Vieira fala sobre dist\u00e2ncia da m\u00e3e: &#8220;Ela sofre um bocadinho&#8221;"},"content":{"rendered":"<p>Depois de ter sido campe\u00e3 do &#8220;<a href=\"https:\/\/tvi.iol.pt\/bigbrother\/\" target=\"_blank\" rel=\"nofollow noopener\">Big Brother<\/a> Ver\u00e3o&#8221;, J\u00e9ssica Vieira deixou o Porto e mudou-se para Lisboa.<\/p>\n<p>&#8220;Acho que o meu caminho passa por aqui [Lisboa], por isso \u00e9 que vim. Se \u00e9 at\u00e9 para o m\u00eas que vem, se \u00e9 at\u00e9 daqui a um, dois, tr\u00eas ou dez anos, n\u00e3o sei. Mas tamb\u00e9m n\u00e3o estou em sofrimento com isso. Estou em constante comunica\u00e7\u00e3o com a minha fam\u00edlia&#8221;, relativiza a vencedora do reality show da <a href=\"https:\/\/tvi.iol.pt\/\" target=\"_blank\" rel=\"nofollow noopener\">TVI<\/a>, em exclusivo \u00e0 SELFIE.<\/p>\n<p>Em sentido contr\u00e1rio, a m\u00e3e de <a href=\"https:\/\/selfie.iol.pt\/famosos\/casa-dos-segredos\/jessica-vieira-passa-por-mudanca-lindissima-no-corpo-estas-sao-as-primeiras-imagens\/20251122\/692181a3d34e3caad84b90a4\" target=\"_blank\" rel=\"nofollow noopener\">J\u00e9ssica Vieira<\/a>, com quem a jovem tem uma liga\u00e7\u00e3o muito estreita, &#8220;sofre um bocadinho&#8221; com a dist\u00e2ncia. &#8220;\u00c0s vezes, liga-me a chorar: &#8216;Volta, volta&#8230; Tenho muitas saudades tuas&#8217;. Porque n\u00f3s somos mesmo as melhores amigas uma da outra, somos muito parceiras&#8230; Mas ela percebe que eu tenho de voar. Eu at\u00e9 posso n\u00e3o ter nenhuns frutos do que quero alcan\u00e7ar aqui, mas tinha de fazer isto. Fiz e estou muito contente&#8221;, afirma a antiga moradora da casa mais vigiada do Pa\u00eds.<\/p>\n<p>Veja, agora, nas galerias que prepar\u00e1mos para si, as melhores imagens de\u00a0<a href=\"https:\/\/selfie.iol.pt\/famosos\/jessica-vieira\/jessica-vieira-confessa-as-vezes-ate-me-sinto-um-bocado-perdida-nao-romantizo-isto\/20251216\/69419a6ed34e2bd5c6d52e0e\" target=\"_blank\" rel=\"nofollow noopener\">J\u00e9ssica Vieira<\/a>.<\/p>\n","protected":false},"excerpt":{"rendered":"Depois de ter sido campe\u00e3 do &#8220;Big Brother Ver\u00e3o&#8221;, J\u00e9ssica Vieira deixou o Porto e mudou-se para Lisboa.&hellip;\n","protected":false},"author":2,"featured_media":195377,"comment_status":"","ping_status":"","sticky":false,"template":"","format":"standard","meta":{"footnotes":""},"categories":[142],"tags":[6308,48,1170,114,115,741,6309,4763,980,1417,619,32,33,1012,151,162,15375],"class_list":{"0":"post-195376","1":"post","2":"type-post","3":"status-publish","4":"format-standard","5":"has-post-thumbnail","7":"category-tv","8":"tag-bb","9":"tag-big-brother","10":"tag-big-brother-verao","11":"tag-entertainment","12":"tag-entretenimento","13":"tag-entrevista","14":"tag-ex-concorrente","15":"tag-exclusivo","16":"tag-famosos","17":"tag-jessica-vieira","18":"tag-nacional","19":"tag-portugal","20":"tag-pt","21":"tag-selfie","22":"tag-tv","23":"tag-tvi","24":"tag-vencedora"},"share_on_mastodon":{"url":"https:\/\/pubeurope.com\/@pt\/115748815925361360","error":""},"_links":{"self":[{"href":"https:\/\/www.europesays.com\/pt\/wp-json\/wp\/v2\/posts\/195376","targetHints":{"allow":["GET"]}}],"collection":[{"href":"https:\/\/www.europesays.com\/pt\/wp-json\/wp\/v2\/posts"}],"about":[{"href":"https:\/\/www.europesays.com\/pt\/wp-json\/wp\/v2\/types\/post"}],"author":[{"embeddable":true,"href":"https:\/\/www.europesays.com\/pt\/wp-json\/wp\/v2\/users\/2"}],"replies":[{"embeddable":true,"href":"https:\/\/www.europesays.com\/pt\/wp-json\/wp\/v2\/comments?post=195376"}],"version-history":[{"count":0,"href":"https:\/\/www.europesays.com\/pt\/wp-json\/wp\/v2\/posts\/195376\/revisions"}],"wp:featuredmedia":[{"embeddable":true,"href":"https:\/\/www.europesays.com\/pt\/wp-json\/wp\/v2\/media\/195377"}],"wp:attachment":[{"href":"https:\/\/www.europesays.com\/pt\/wp-json\/wp\/v2\/media?parent=195376"}],"wp:term":[{"taxonomy":"category","embeddable":true,"href":"https:\/\/www.europesays.com\/pt\/wp-json\/wp\/v2\/categories?post=195376"},{"taxonomy":"post_tag","embeddable":true,"href":"https:\/\/www.europesays.com\/pt\/wp-json\/wp\/v2\/tags?post=195376"}],"curies":[{"name":"wp","href":"https:\/\/api.w.org\/{rel}","templated":true}]}}