{"id":195388,"date":"2025-12-19T23:31:33","date_gmt":"2025-12-19T23:31:33","guid":{"rendered":"https:\/\/www.europesays.com\/pt\/195388\/"},"modified":"2025-12-19T23:31:33","modified_gmt":"2025-12-19T23:31:33","slug":"ark-2-de-vin-diesel-e-adiado-para-2028","status":"publish","type":"post","link":"https:\/\/www.europesays.com\/pt\/195388\/","title":{"rendered":"Ark 2, de Vin Diesel, \u00e9 adiado para 2028"},"content":{"rendered":"<p><strong>Ark 2<\/strong>, estrelado por <strong>Vin Diesel<\/strong>, s\u00f3 vai ser lan\u00e7ado em 2028. Ap\u00f3s um longo per\u00edodo sem atualiza\u00e7\u00f5es, o jogo foi oficialmente adiado em um post feito na <strong>Epic Games Store<\/strong>, que detalha um pouco o hist\u00f3rico do game.<\/p>\n<p>A publica\u00e7\u00e3o menciona que o primeiro &#8220;gosto&#8221; de Ark 2 poder\u00e1 ser experimentado no fim de 2027, com um grande update no primeiro jogo da s\u00e9rie. Intitulada Legacy of Santiago, a expans\u00e3o servir\u00e1 como prequel para a sequ\u00eancia e testar\u00e1 v\u00e1rias mec\u00e2nicas de gameplay enquanto encaminha o enredo para o pr\u00f3ximo t\u00edtulo.<\/p>\n<p>            Continua depois da Publicidade<\/p>\n<p>&#8220;Uma das coisas que aprendemos com Ark 2 foi que sent\u00edamos a necessidade de aprender muito mais sobre como fazer o tipo de jogo que quer\u00edamos, e como fazer isso em etapas&#8221;, explicou <strong>Jeremy Stieglitz<\/strong>, cofundador do est\u00fadio <strong>Wildcard<\/strong>.<\/p>\n<p>Anunciado em 2020, Ark 2 tinha uma previs\u00e3o inicial de lan\u00e7amento em 2023, mas passou por subsequentes adiamentos menores at\u00e9 finalmente ser programado para um futuro mais distante, garantindo tempo suficiente de desenvolvimento.<\/p>\n","protected":false},"excerpt":{"rendered":"Ark 2, estrelado por Vin Diesel, s\u00f3 vai ser lan\u00e7ado em 2028. Ap\u00f3s um longo per\u00edodo sem atualiza\u00e7\u00f5es,&hellip;\n","protected":false},"author":2,"featured_media":195389,"comment_status":"","ping_status":"","sticky":false,"template":"","format":"standard","meta":{"footnotes":""},"categories":[84],"tags":[109,107,108,32,33,105,103,104,106,110],"class_list":{"0":"post-195388","1":"post","2":"type-post","3":"status-publish","4":"format-standard","5":"has-post-thumbnail","7":"category-ciencia-e-tecnologia","8":"tag-ciencia","9":"tag-ciencia-e-tecnologia","10":"tag-cienciaetecnologia","11":"tag-portugal","12":"tag-pt","13":"tag-science","14":"tag-science-and-technology","15":"tag-scienceandtechnology","16":"tag-technology","17":"tag-tecnologia"},"share_on_mastodon":{"url":"https:\/\/pubeurope.com\/@pt\/115748843291376767","error":""},"_links":{"self":[{"href":"https:\/\/www.europesays.com\/pt\/wp-json\/wp\/v2\/posts\/195388","targetHints":{"allow":["GET"]}}],"collection":[{"href":"https:\/\/www.europesays.com\/pt\/wp-json\/wp\/v2\/posts"}],"about":[{"href":"https:\/\/www.europesays.com\/pt\/wp-json\/wp\/v2\/types\/post"}],"author":[{"embeddable":true,"href":"https:\/\/www.europesays.com\/pt\/wp-json\/wp\/v2\/users\/2"}],"replies":[{"embeddable":true,"href":"https:\/\/www.europesays.com\/pt\/wp-json\/wp\/v2\/comments?post=195388"}],"version-history":[{"count":0,"href":"https:\/\/www.europesays.com\/pt\/wp-json\/wp\/v2\/posts\/195388\/revisions"}],"wp:featuredmedia":[{"embeddable":true,"href":"https:\/\/www.europesays.com\/pt\/wp-json\/wp\/v2\/media\/195389"}],"wp:attachment":[{"href":"https:\/\/www.europesays.com\/pt\/wp-json\/wp\/v2\/media?parent=195388"}],"wp:term":[{"taxonomy":"category","embeddable":true,"href":"https:\/\/www.europesays.com\/pt\/wp-json\/wp\/v2\/categories?post=195388"},{"taxonomy":"post_tag","embeddable":true,"href":"https:\/\/www.europesays.com\/pt\/wp-json\/wp\/v2\/tags?post=195388"}],"curies":[{"name":"wp","href":"https:\/\/api.w.org\/{rel}","templated":true}]}}