{"id":195390,"date":"2025-12-19T23:35:11","date_gmt":"2025-12-19T23:35:11","guid":{"rendered":"https:\/\/www.europesays.com\/pt\/195390\/"},"modified":"2025-12-19T23:35:11","modified_gmt":"2025-12-19T23:35:11","slug":"trump-nao-exclui-declaracao-de-guerra-a-venezuela-america","status":"publish","type":"post","link":"https:\/\/www.europesays.com\/pt\/195390\/","title":{"rendered":"Trump n\u00e3o exclui declara\u00e7\u00e3o de guerra \u00e0 Venezuela | Am\u00e9rica"},"content":{"rendered":"<p>A possibilidade de os EUA poderem vir a declarar guerra \u00e0 Venezuela n\u00e3o foi exclu\u00edda pelo Presidente norte-americano, Donald Trump, dias depois de Washington ter dado uma ordem de bloqueio a todos os navios petroleiros que queiram entrar ou sair dos portos do pa\u00eds sul-americano.<\/p>\n<p>\u201cN\u00e3o excluo, n\u00e3o\u201d, afirmou Trump, questionado pela NBC News sobre o cen\u00e1rio de uma <a href=\"https:\/\/www.publico.pt\/2025\/11\/30\/mundo\/noticia\/escalada-militar-caraibas-empurra-crise-venezuelaeua-terreno-imprevisivel-2156288\" target=\"_blank\" rel=\"nofollow noopener\">declara\u00e7\u00e3o de guerra<\/a> dos EUA \u00e0 Venezuela, algo que tem estado em cima da mesa desde que o Pent\u00e1gono come\u00e7ou a abater embarca\u00e7\u00f5es alegadamente ligadas ao narcotr\u00e1fico.<\/p>\n<p>Desde Setembro que foram <a href=\"https:\/\/www.publico.pt\/2025\/12\/12\/mundo\/noticia\/apreensao-petroleiros-sancoes-eua-elevam-nova-tensao-venezuela-2157853\" target=\"_blank\" rel=\"nofollow noopener\">destru\u00eddos<\/a> 28 barcos no mar das Cara\u00edbas, deixando mais de cem mortos. Na quinta-feira, o Comando Militar Sul dos EUA anunciou que outras duas embarca\u00e7\u00f5es foram visadas, causando cinco mortos.<\/p>\n<p>        &#13;<\/p>\n<p>&#13;<br \/>\n                &#13;\n            <\/p>\n<p>&#13;<\/p>\n<p>A Administra\u00e7\u00e3o Trump acredita que estas opera\u00e7\u00f5es letais s\u00e3o cruciais para neutralizar o fluxo de drogas provenientes da Am\u00e9rica Latina para os EUA e identificou o l\u00edder venezuelano Nicol\u00e1s Maduro como o cabecilha de um cartel internacional designado como organiza\u00e7\u00e3o terrorista pelo Departamento de Estado.<\/p>\n<p>Nas \u00faltimas semanas, o foco inicial da opera\u00e7\u00e3o contra o narcotr\u00e1fico d\u00e1 sinais de crescente expans\u00e3o, levando muitos analistas a especular sobre a possibilidade de Washington se estar a preparar para um conflito declarado com a Venezuela com o objectivo de derrubar Maduro.<\/p>\n<p>A possibilidade de uma invas\u00e3o norte-americana da Venezuela tem reacendido os receios de uma nova era de crescente intervencionismo de Washington nos assuntos dos pa\u00edses latino-americanos, reminiscente da Guerra Fria. O Governo brasileiro prontificou-se a mediar conversa\u00e7\u00f5es diplom\u00e1ticas entre os dois pa\u00edses para evitar uma subida da tens\u00e3o.<\/p>\n<p>Esta semana, Trump ordenou um <a href=\"https:\/\/www.publico.pt\/2025\/12\/17\/mundo\/noticia\/trump-ordena-bloqueio-total-petroleiros-sancionados-trabalhem-venezuela-2158374\" target=\"_blank\" rel=\"nofollow noopener\">bloqueio<\/a> a todos os petroleiros que foram alvo de san\u00e7\u00f5es dos EUA, impedindo-os de entrar ou sair da Venezuela, <a href=\"https:\/\/www.publico.pt\/2025\/12\/18\/mundo\/noticia\/trump-venezuela-retirou-direitos-petroliferos-eua-quer-recuperalos-2158506\" target=\"_blank\" rel=\"nofollow noopener\">acusando<\/a> Caracas de ter retirado \u00e0s empresas norte-americanas os direitos de explora\u00e7\u00e3o de petr\u00f3leo no pa\u00eds. Dias antes, um petroleiro j\u00e1 tinha sido apreendido pelas for\u00e7as navais dos EUA e Trump, na entrevista \u00e0 NBC, disse n\u00e3o excluir novas apreens\u00f5es. Caracas acusa Washington de querer estrangular o sector petrol\u00edfero venezuelano, que est\u00e1 na base da economia nacional.<\/p>\n<p>\u201cSe eles forem suficientemente tontos para continuarem a navegar, ir\u00e3o navegar directamente para um dos nossos portos\u201d, afirmou o Presidente norte-americano.<\/p>\n<p>Na quarta-feira, Trump tinha marcado uma <a href=\"https:\/\/www.publico.pt\/2025\/12\/18\/mundo\/noticia\/trump-fez-defesa-11-meses-mandato-nao-declarou-guerra-venezuela-2158515\" target=\"_blank\" rel=\"nofollow noopener\">comunica\u00e7\u00e3o ao pa\u00eds<\/a> que gerou uma enorme especula\u00e7\u00e3o de que poderia servir para anunciar uma invas\u00e3o terrestre. No entanto, o discurso centrou-se em quest\u00f5es econ\u00f3micas e nada foi dito sobre a Venezuela.<\/p>\n<p>Maduro pede resist\u00eancia<\/p>\n<p>Em Caracas, a mensagem dominante \u00e9 de den\u00fancia do que Maduro considera ser uma tentativa de derrube do Governo bolivariano e de submeter a Venezuela aos interesses econ\u00f3micos de Washington. \u201cN\u00e3o estamos nos tempos da col\u00f3nia, nem de trocar a liberdade como povo livre que somos pela escravatura, para sermos escravos na nossa terra\u201d, declarou o Presidente venezuelano, citado pelo jornal El Universal.<\/p>\n<p>O secret\u00e1rio de Estado norte-americano, Marco Rubio, confirmou que os EUA n\u00e3o reconhecem a legitimidade de Maduro como chefe de Estado, mas garantiu que o objectivo das opera\u00e7\u00f5es levadas a cabo na Venezuela \u00e9 assegurar a \u201cestabilidade regional\u201d.<\/p>\n<p>        &#13;<\/p>\n<p>&#13;<br \/>\n                &#13;\n            <\/p>\n<p>&#13;<\/p>\n<p>Embora mantenha as op\u00e7\u00f5es em aberto, incluindo a possibilidade de uma declara\u00e7\u00e3o formal de guerra, a Administra\u00e7\u00e3o Trump est\u00e1 pressionada pela opini\u00e3o p\u00fablica e pelos pr\u00f3prios compromissos assumidos durante a campanha eleitoral. Para se demarcar das alas mais intervencionistas, mesmo dentro do Partido Republicano, Trump prometeu reduzir o n\u00edvel de envolvimento externo dos EUA e, ao longo dos primeiros meses do segundo mandato, tem adoptado um perfil de mediador de solu\u00e7\u00f5es pac\u00edficas de conflitos.<\/p>\n<p>\u201cOs MAGA adoram fazer explodir barcos, [mas] n\u00e3o querem uma guerra terrestre com a Venezuela\u201d, disse \u00e0 NBC News a vice-presidente do Conservative Partnership Institute, Rachel Bovard, referindo-se aos apoiantes mais radicais de Trump.<\/p>\n<p>As sondagens mostram que a opini\u00e3o p\u00fablica norte-americana n\u00e3o v\u00ea com bons olhos um conflito mais alargado com a Venezuela, o que poder\u00e1 funcionar como um importante factor de dissuas\u00e3o junto da Casa Branca. Uma sondagem divulgada esta semana mostrava que 63% est\u00e3o contra ac\u00e7\u00f5es militares contra a Venezuela, embora entre os eleitores republicanos a maioria apoie esse cen\u00e1rio.<\/p>\n<p>\u201cPodemos ter pol\u00edticas externas ousadas e loucas quando os custos s\u00e3o baixos, e os custos t\u00eam sido baixos aqui at\u00e9 agora, mas, se entrarmos num conflito por mudan\u00e7a de regime, o custo ir\u00e1 aumentar, e a aten\u00e7\u00e3o e a oposi\u00e7\u00e3o tamb\u00e9m\u201d, disse ao canal televisivo Justin Logan, analista do think tank libert\u00e1rio Cato Institute.<\/p>\n","protected":false},"excerpt":{"rendered":"A possibilidade de os EUA poderem vir a declarar guerra \u00e0 Venezuela n\u00e3o foi exclu\u00edda pelo Presidente norte-americano,&hellip;\n","protected":false},"author":2,"featured_media":195391,"comment_status":"","ping_status":"","sticky":false,"template":"","format":"standard","meta":{"footnotes":""},"categories":[8],"tags":[993,1028,27,28,92,413,15,16,14,25,26,21,22,62,12,3025,13,19,20,32,23,24,33,17,18,29,30,31,3023],"class_list":{"0":"post-195390","1":"post","2":"type-post","3":"status-publish","4":"format-standard","5":"has-post-thumbnail","7":"category-principais-noticias","8":"tag-america","9":"tag-america-latina","10":"tag-breaking-news","11":"tag-breakingnews","12":"tag-donald-trump","13":"tag-eua","14":"tag-featured-news","15":"tag-featurednews","16":"tag-headlines","17":"tag-latest-news","18":"tag-latestnews","19":"tag-main-news","20":"tag-mainnews","21":"tag-mundo","22":"tag-news","23":"tag-nicolas-maduro","24":"tag-noticias","25":"tag-noticias-principais","26":"tag-noticiasprincipais","27":"tag-portugal","28":"tag-principais-noticias","29":"tag-principaisnoticias","30":"tag-pt","31":"tag-top-stories","32":"tag-topstories","33":"tag-ultimas","34":"tag-ultimas-noticias","35":"tag-ultimasnoticias","36":"tag-venezuela"},"share_on_mastodon":{"url":"https:\/\/pubeurope.com\/@pt\/115748859113792485","error":""},"_links":{"self":[{"href":"https:\/\/www.europesays.com\/pt\/wp-json\/wp\/v2\/posts\/195390","targetHints":{"allow":["GET"]}}],"collection":[{"href":"https:\/\/www.europesays.com\/pt\/wp-json\/wp\/v2\/posts"}],"about":[{"href":"https:\/\/www.europesays.com\/pt\/wp-json\/wp\/v2\/types\/post"}],"author":[{"embeddable":true,"href":"https:\/\/www.europesays.com\/pt\/wp-json\/wp\/v2\/users\/2"}],"replies":[{"embeddable":true,"href":"https:\/\/www.europesays.com\/pt\/wp-json\/wp\/v2\/comments?post=195390"}],"version-history":[{"count":0,"href":"https:\/\/www.europesays.com\/pt\/wp-json\/wp\/v2\/posts\/195390\/revisions"}],"wp:featuredmedia":[{"embeddable":true,"href":"https:\/\/www.europesays.com\/pt\/wp-json\/wp\/v2\/media\/195391"}],"wp:attachment":[{"href":"https:\/\/www.europesays.com\/pt\/wp-json\/wp\/v2\/media?parent=195390"}],"wp:term":[{"taxonomy":"category","embeddable":true,"href":"https:\/\/www.europesays.com\/pt\/wp-json\/wp\/v2\/categories?post=195390"},{"taxonomy":"post_tag","embeddable":true,"href":"https:\/\/www.europesays.com\/pt\/wp-json\/wp\/v2\/tags?post=195390"}],"curies":[{"name":"wp","href":"https:\/\/api.w.org\/{rel}","templated":true}]}}