{"id":195402,"date":"2025-12-19T23:44:13","date_gmt":"2025-12-19T23:44:13","guid":{"rendered":"https:\/\/www.europesays.com\/pt\/195402\/"},"modified":"2025-12-19T23:44:13","modified_gmt":"2025-12-19T23:44:13","slug":"o-que-fazer-neste-fim-de-semana-tradicoes-de-natal-com-magia-e-ironia-lazer","status":"publish","type":"post","link":"https:\/\/www.europesays.com\/pt\/195402\/","title":{"rendered":"O que fazer neste fim-de-semana? Tradi\u00e7\u00f5es de Natal, com magia e ironia | Lazer"},"content":{"rendered":"<p>Tiago Bettencourt<\/p>\n<p dir=\"ltr\"><strong>PORTO Super Bock Arena &#8211; Pavilh\u00e3o Rosa Mota. Dia 20\/12, \u00e0s 21h30. M\/6. 20\u20ac a 60\u20ac<\/strong><\/p>\n<p dir=\"ltr\">Depois de ter andado na estrada com Fio da Navalha, digress\u00e3o em que se apresentou a solo (sem banda), em registo intimista e com alinhamento a pedido dos f\u00e3s, Tiago Bettencourt est\u00e1 pronto a levantar o v\u00e9u ao novo \u00e1lbum de originais. Editado em Novembro, Foz traz notas de um lugar onde a can\u00e7\u00e3o de autor se cruza com a electr\u00f3nica, desbravando uma nova linguagem: \u201cuma fus\u00e3o entre intimidade e experimenta\u00e7\u00e3o, onde o tempo de escuta se torna essencial. Como um convite \u00e0 pausa, \u00e0 aten\u00e7\u00e3o plena e ao encontro com o essencial\u201d, faz saber a nota que o apresenta. \u00c9 tamb\u00e9m o momento que marca a despedida dos concertos especiais de Natal, tradi\u00e7\u00e3o iniciada em 2018 que finda neste 2025.<\/p>\n<p>        &#13;<\/p>\n<p>&#13;<br \/>\n                &#13;\n            <\/p>\n<p>&#13;<\/p>\n<p>Carne<\/p>\n<p dir=\"ltr\"><strong>PORTO Teatro Carlos Alberto. De 18\/12 a 21\/12. Quinta e s\u00e1bado, \u00e0s 19h; sexta, \u00e0s 21h; domingo, \u00e0s 16h. M\/14. 12\u20ac<\/strong><\/p>\n<p dir=\"ltr\">Tempo de amor e de harmonia, o Natal \u00e9 tamb\u00e9m, para algumas fam\u00edlias, \u201csin\u00f3nimo de amargura, ressentimento e frustra\u00e7\u00e3o\u201d, assim dita a nota do Teatro Nacional S\u00e3o Jo\u00e3o. E \u00e9 a essa dimens\u00e3o que aponta a nova cria\u00e7\u00e3o de Raquel S. e da sua companhia Noitarder. Escrita \u201ccom crueza e ironia\u201d, leva \u201cd\u00edvidas, traumas e h\u00e9rnias discais\u201d para a mesa da consoada, expondo \u201ca impossibilidade de comunica\u00e7\u00e3o e os conflitos insan\u00e1veis entre as personagens\u201d, acrescenta a folha de sala.<\/p>\n<p>Dias no P\u00e1tio &#8211; Receitas de Fam\u00edlia<\/p>\n<p dir=\"ltr\"><strong>GUIMAR\u00c3ES Casa da Mem\u00f3ria. Dia 20\/12, das 12h \u00e0s 15h. M\/3. 10\u20ac (7,50\u20ac crian\u00e7a at\u00e9 aos sete anos)<\/strong><\/p>\n<p dir=\"ltr\">Dinamizada pel\u2019A Oficina, uma actividade para fam\u00edlias que convida \u00e0 partilha de receitas gastron\u00f3micas e \u00e0 degusta\u00e7\u00e3o de petiscos \u201cembalados pelo lento vagar do tempo\u201d. Ligar pessoas e comunidades atrav\u00e9s da comida, bebida e hist\u00f3rias de v\u00e1rias coordenadas \u00e9 o ingrediente -base.<\/p>\n<p>        &#13;<\/p>\n<p>&#13;<br \/>\n                &#13;\n            <\/p>\n<p>&#13;<\/p>\n<p>Imposs\u00edvel ao Vivo<\/p>\n<p dir=\"ltr\"><strong>LISBOA Teatro Tivoli BBVA. De 18\/12 a 11\/1. Todos os dias, excepto segunda (v\u00e1rios hor\u00e1rios). M\/3. 16,50\u20ac a 29\u20ac<\/strong><\/p>\n<p dir=\"ltr\">A receita de sucesso tem esgotado salas desde 2018 e torna a espalhar a sua magia nesta quadra. Idealizada por Lu\u00eds de Matos, o mais conhecido e premiado dos ilusionistas portugueses, junta no mesmo palco os truques de alguns camaradas, cada um com a sua especialidade. A contribuir para a edi\u00e7\u00e3o deste ano est\u00e3o o belga Aaron Crow, o canadiano Darcy Oake, o franc\u00eas Norbert Ferr\u00e9 e a indon\u00e9sia Sacred Riana, al\u00e9m da assistente e bailarina Joana Almeida e do b-boying da Momentum Crew.<\/p>\n<p>Concerto de Natal<\/p>\n<p dir=\"ltr\"><strong>\u00c9VORA Igreja de S\u00e3o Francisco. Dia 20\/12, \u00e0s 18h30. Gr\u00e1tis<br \/>LISBOA Centro Cultural de Bel\u00e9m. Dia 21\/12, \u00e0s 17h. M\/6. 17,50\u20ac a 35\u20ac<\/strong><\/p>\n<p dir=\"ltr\">A Orquestra Sinf\u00f3nica Portuguesa e o Coro do Teatro Nacional de S\u00e3o Carlos abrilhantam a agenda festiva com a Missa para a Noite de Natal composta por Amilcare Ponchielli, uma pe\u00e7a marcante \u201cdo repert\u00f3rio sacro italiano do s\u00e9culo XIX\u201d, garantem. No CCB, h\u00e1 conversa pr\u00e9-concerto, \u00e0s 16h30, com Ant\u00f3nio Jorge Marques.<\/p>\n<p>Auto do Nascimento do Menino Jesus<\/p>\n<p dir=\"ltr\"><strong>\u00c9VORA Teatro Garcia de Resende. De 16\/12 a 20\/12. Ter\u00e7a a quinta, \u00e0s 19h; sexta e s\u00e1bado, \u00e0s 21h30. M\/12. 4\u20ac a 8\u20ac<\/strong><\/p>\n<p dir=\"ltr\">S\u00e3o uma das formas tradicionais mais puras do teatro de marionetas. Nascidos na aldeia alentejana que lhes emprestou o nome, os Bonecos de Santo Aleixo trazem textos oriundos da chamada literatura de cordel, em pequenos corpos feitos de madeira e corti\u00e7a, vestidos com guarda-roupa pr\u00f3prio e acompanhadas de m\u00fasica (ou cantigas) ao vivo. Nesta pe\u00e7a, as marionetas representam o nascimento de Jesus. Uma encena\u00e7\u00e3o do CENDREV &#8211; Centro Dram\u00e1tico de \u00c9vora.<\/p>\n<p>        &#13;<\/p>\n<p>&#13;<br \/>\n                &#13;\n            <\/p>\n<p>&#13;<\/p>\n","protected":false},"excerpt":{"rendered":"Tiago Bettencourt PORTO Super Bock Arena &#8211; Pavilh\u00e3o Rosa Mota. Dia 20\/12, \u00e0s 21h30. M\/6. 20\u20ac a 60\u20ac&hellip;\n","protected":false},"author":2,"featured_media":195403,"comment_status":"","ping_status":"","sticky":false,"template":"","format":"standard","meta":{"footnotes":""},"categories":[85],"tags":[1632,114,115,287,294,7561,1633,542,32,33,291],"class_list":{"0":"post-195402","1":"post","2":"type-post","3":"status-publish","4":"format-standard","5":"has-post-thumbnail","7":"category-entretenimento","8":"tag-agenda","9":"tag-entertainment","10":"tag-entretenimento","11":"tag-fugas","12":"tag-lazer","13":"tag-natal","14":"tag-o-que-fazer","15":"tag-para-redes","16":"tag-portugal","17":"tag-pt","18":"tag-relaxar"},"share_on_mastodon":{"url":"https:\/\/pubeurope.com\/@pt\/115748895226104985","error":""},"_links":{"self":[{"href":"https:\/\/www.europesays.com\/pt\/wp-json\/wp\/v2\/posts\/195402","targetHints":{"allow":["GET"]}}],"collection":[{"href":"https:\/\/www.europesays.com\/pt\/wp-json\/wp\/v2\/posts"}],"about":[{"href":"https:\/\/www.europesays.com\/pt\/wp-json\/wp\/v2\/types\/post"}],"author":[{"embeddable":true,"href":"https:\/\/www.europesays.com\/pt\/wp-json\/wp\/v2\/users\/2"}],"replies":[{"embeddable":true,"href":"https:\/\/www.europesays.com\/pt\/wp-json\/wp\/v2\/comments?post=195402"}],"version-history":[{"count":0,"href":"https:\/\/www.europesays.com\/pt\/wp-json\/wp\/v2\/posts\/195402\/revisions"}],"wp:featuredmedia":[{"embeddable":true,"href":"https:\/\/www.europesays.com\/pt\/wp-json\/wp\/v2\/media\/195403"}],"wp:attachment":[{"href":"https:\/\/www.europesays.com\/pt\/wp-json\/wp\/v2\/media?parent=195402"}],"wp:term":[{"taxonomy":"category","embeddable":true,"href":"https:\/\/www.europesays.com\/pt\/wp-json\/wp\/v2\/categories?post=195402"},{"taxonomy":"post_tag","embeddable":true,"href":"https:\/\/www.europesays.com\/pt\/wp-json\/wp\/v2\/tags?post=195402"}],"curies":[{"name":"wp","href":"https:\/\/api.w.org\/{rel}","templated":true}]}}