{"id":195414,"date":"2025-12-19T23:57:21","date_gmt":"2025-12-19T23:57:21","guid":{"rendered":"https:\/\/www.europesays.com\/pt\/195414\/"},"modified":"2025-12-19T23:57:21","modified_gmt":"2025-12-19T23:57:21","slug":"sao-cristovao-registra-queda-de-mais-de-80-nos-casos-de-dengue-chikungunya-e-zika-em-2025-prefeitura-municipal-de-sao-cristovao","status":"publish","type":"post","link":"https:\/\/www.europesays.com\/pt\/195414\/","title":{"rendered":"S\u00e3o Crist\u00f3v\u00e3o registra queda de mais de 80% nos casos de dengue, chikungunya e zika em 2025 &#8211; Prefeitura Municipal de S\u00e3o Crist\u00f3v\u00e3o"},"content":{"rendered":"<p class=\"mb-5 sm:mb-3\">\n                                    O munic\u00edpio de S\u00e3o Crist\u00f3v\u00e3o segue em vigil\u00e2ncia permanente contra as arboviroses, doen\u00e7as virais transmitidas por vetores, principalmente mosquitos, como dengue, chikungunya, zika, mayaro e oropouche, e apresenta um cen\u00e1rio epidemiol\u00f3gico positivo em 2025. Dados da Secretaria Municipal de Sa\u00fade (SMS) apontam uma redu\u00e7\u00e3o expressiva de mais de 80% no n\u00famero de casos, resultado direto das a\u00e7\u00f5es cont\u00ednuas de preven\u00e7\u00e3o, controle vetorial e mobiliza\u00e7\u00e3o da popula\u00e7\u00e3o.\n                                <\/p>\n<p class=\"mb-5 sm:mb-3\">\n                                    O comparativo entre 2024 e 2025, considerando o mesmo per\u00edodo entre 1\u00ba de janeiro e 31 de novembro, evidencia uma queda hist\u00f3rica dos casos no munic\u00edpio. Em 2024, foram registrados 3.536 casos notificados e 109 confirmados, com taxa de incid\u00eancia de 114,7 casos por 100 mil habitantes. J\u00e1 em 2025, no mesmo intervalo, foram 2.643 notifica\u00e7\u00f5es e 24 casos confirmados, o que representa uma taxa de 21 casos por 100 mil habitantes, correspondendo a uma redu\u00e7\u00e3o aproximada de 81,7%.\n                                <\/p>\n<p class=\"mb-5 sm:mb-3\">\n                                    Por se tratar de um munic\u00edpio end\u00eamico, S\u00e3o Crist\u00f3v\u00e3o registra notifica\u00e7\u00f5es ao longo de todo o ano, influenciadas principalmente por fatores clim\u00e1ticos e ambientais. Das notifica\u00e7\u00f5es registradas neste ano no Sistema de Informa\u00e7\u00e3o de Agravos de Notifica\u00e7\u00e3o (Sinan), 550 foram para dengue, com 18 casos confirmados; 443 para chikungunya, com tr\u00eas confirma\u00e7\u00f5es laboratoriais; e 1.650 notifica\u00e7\u00f5es relacionadas a zika, mayaro e oropouche, sem confirma\u00e7\u00f5es at\u00e9 o momento.\n                                <\/p>\n<p class=\"mb-5 sm:mb-3\">\n                                    A an\u00e1lise espacial desses dados permitiu identificar \u00e1reas com maior ocorr\u00eancia, possibilitando a intensifica\u00e7\u00e3o das a\u00e7\u00f5es de controle de forma estrat\u00e9gica, integrada a medidas de saneamento e manejo ambiental.\n                                <\/p>\n<p class=\"mb-5 sm:mb-3\">\n                                    Ao longo de 2025, o munic\u00edpio realizou de forma sistem\u00e1tica o Levantamento R\u00e1pido de \u00cdndices para Aedes aegypti (LIRAa), ferramenta essencial para avaliar o risco de transmiss\u00e3o das arboviroses. O resultado geral apontou um \u00cdndice de Infesta\u00e7\u00e3o Predial (IIP) de 0,8%, classificado como baixo risco. Nesse per\u00edodo, foram realizadas 9.172 visitas domiciliares e 105 pesquisas entomol\u00f3gicas. Durante as a\u00e7\u00f5es, os Agentes de Combate \u00e0s Endemias (ACE) identificaram, eliminaram ou trataram criadouros, al\u00e9m de coletarem amostras analisadas pelo Laborat\u00f3rio Municipal de Sa\u00fade P\u00fablica.\n                                <\/p>\n<p>                                                                                            Foram realizadas 9.172 visitas domiciliares e 105 pesquisas entomol\u00f3gicas em 2025\/ Foto: Dani Santos<\/p>\n<p>                                    <img decoding=\"async\" class=\"w-full rounded-md shadow-md\" src=\"https:\/\/www.europesays.com\/pt\/wp-content\/uploads\/2025\/12\/1600-1066-max_(1).jpg\" alt=\"\"\/><\/p>\n<p class=\"mb-5 sm:mb-3\">\n                                    O Aedes aegypti, principal vetor das arboviroses urbanas, apresentou oscila\u00e7\u00f5es ao longo do ano, com maiores \u00edndices nos meses de mar\u00e7o, maio e setembro, per\u00edodos associados ao aumento das chuvas. Em setembro, foi registrado o pico anual, o que levou ao refor\u00e7o das a\u00e7\u00f5es de bloqueio, mutir\u00f5es, elimina\u00e7\u00e3o mec\u00e2nica de focos e campanhas educativas. Nos meses seguintes, os \u00edndices voltaram a cair, demonstrando a efetividade das medidas adotadas.\n                                <\/p>\n<p class=\"mb-5 sm:mb-3\">\n                                    O munic\u00edpio tamb\u00e9m mant\u00e9m o monitoramento do Aedes albopictus, cuja presen\u00e7a permaneceu baixa durante quase todo o ano, com aumento pontual em \u00e1reas periurbanas, refor\u00e7ando a import\u00e2ncia da vigil\u00e2ncia cont\u00ednua.\n                                <\/p>\n<p class=\"mb-5 sm:mb-3\">\n                                    De acordo com a coordenadora da Vigil\u00e2ncia Ambiental em Sa\u00fade, Daniella Fraga, os resultados positivos s\u00e3o fruto de um trabalho permanente e integrado. \u201cEssa redu\u00e7\u00e3o significativa \u00e9 resultado do esfor\u00e7o cont\u00ednuo das equipes de campo, aliado ao comprometimento da popula\u00e7\u00e3o. Mesmo com os indicadores favor\u00e1veis, \u00e9 fundamental manter os cuidados, eliminando focos de \u00e1gua parada e procurando os servi\u00e7os de sa\u00fade diante de qualquer sintoma\u201d, destacou.\n                                <\/p>\n<p>                                                                                             Daniella Fraga, coordenadora da Vigil\u00e2ncia Ambiental da SMS\/ Foto- Heitor Xavier<\/p>\n<p>                                    <img decoding=\"async\" class=\"w-full rounded-md shadow-md\" src=\"https:\/\/www.europesays.com\/pt\/wp-content\/uploads\/2025\/12\/WhatsApp Image 2024-12-27 at 11.39.25.jpeg\" alt=\"\"\/><\/p>\n<p class=\"mb-5 sm:mb-3\">\n                                    As a\u00e7\u00f5es desenvolvidas pela Secretaria Municipal de Sa\u00fade, por meio da Vigil\u00e2ncia Ambiental em Sa\u00fade, incluem visitas domiciliares, tratamento focal de reservat\u00f3rios, levantamentos entomol\u00f3gicos, borrifa\u00e7\u00e3o costal, al\u00e9m de cata-treco, limpeza de canais, inspe\u00e7\u00e3o de pontos estrat\u00e9gicos e monitoramento de armadilhas. Como medida complementar, o munic\u00edpio tamb\u00e9m utilizou o carro fumac\u00ea, seguindo rigorosamente os crit\u00e9rios t\u00e9cnicos e hor\u00e1rios definidos pelo Minist\u00e9rio da Sa\u00fade.\n                                <\/p>\n<p>                                                                                            A\u00e7\u00e3o de borrifa\u00e7\u00e3o costal foi uma das estrat\u00e9gias usadas no combate \u00e0s arboviroses\/ Foto- Heitor Xavier<\/p>\n<p>                                    <img decoding=\"async\" class=\"w-full rounded-md shadow-md\" src=\"https:\/\/www.europesays.com\/pt\/wp-content\/uploads\/2025\/12\/HXSJE5545.jfif.jpeg\" alt=\"\"\/><\/p>\n<p class=\"mb-5 sm:mb-3\">\n                                    O trabalho \u00e9 fortalecido por a\u00e7\u00f5es educativas e de mobiliza\u00e7\u00e3o social, com campanhas informativas em panfletos, outdoors e redes sociais, al\u00e9m da participa\u00e7\u00e3o na Mobiliza\u00e7\u00e3o Nacional nas Escolas para Preven\u00e7\u00e3o das Arboviroses, levando informa\u00e7\u00e3o e conscientiza\u00e7\u00e3o aos estudantes da rede municipal.\n                                <\/p>\n<p class=\"mb-5 sm:mb-3\">\n                                    Paralelamente, o munic\u00edpio investe na qualifica\u00e7\u00e3o dos profissionais. Os Agentes de Combate \u00e0s Endemias participaram do curso t\u00e9cnico Mais Sa\u00fade com Agente, fortalecendo o v\u00ednculo com a popula\u00e7\u00e3o e ampliando a integra\u00e7\u00e3o entre a Aten\u00e7\u00e3o B\u00e1sica e a Vigil\u00e2ncia em Sa\u00fade no \u00e2mbito do Sistema \u00danico de Sa\u00fade. Os profissionais tamb\u00e9m participaram da 1\u00aa Confer\u00eancia Municipal de Sa\u00fade do Trabalhador e da Trabalhadora de S\u00e3o Crist\u00f3v\u00e3o.\n                                <\/p>\n<p class=\"mb-5 sm:mb-3\">\n                                    Para fortalecer ainda mais o trabalho dos agentes, a Prefeitura de S\u00e3o Crist\u00f3v\u00e3o entregou, neste m\u00eas, kits de trabalho compostos por bolsa, bandeira, bacia pl\u00e1stica, espelho de bolso, l\u00e1pis de cera, lanterna, l\u00e1pis, lixa, pesca-larvas, colher de inox e kit de cubagem. Ao todo, 38 profissionais foram contemplados. Al\u00e9m disso, tamb\u00e9m em dezembro, o munic\u00edpio realizou, pela primeira vez, o pagamento do aux\u00edlio-uniforme para os profissionais da \u00e1rea, garantindo o valor de R$1.956,00 por agente para a aquisi\u00e7\u00e3o de dois uniformes, contribuindo para melhores condi\u00e7\u00f5es de trabalho e facilitando a identifica\u00e7\u00e3o dos profissionais que atuam no munic\u00edpio.\n                                <\/p>\n<p class=\"mb-5 sm:mb-3\">\n                                    Fotos: Dani Santos e Heitor Xavier\n                                <\/p>\n","protected":false},"excerpt":{"rendered":"O munic\u00edpio de S\u00e3o Crist\u00f3v\u00e3o segue em vigil\u00e2ncia permanente contra as arboviroses, doen\u00e7as virais transmitidas por vetores, principalmente&hellip;\n","protected":false},"author":2,"featured_media":195415,"comment_status":"","ping_status":"","sticky":false,"template":"","format":"standard","meta":{"footnotes":""},"categories":[86],"tags":[116,32,33,117],"class_list":{"0":"post-195414","1":"post","2":"type-post","3":"status-publish","4":"format-standard","5":"has-post-thumbnail","7":"category-saude","8":"tag-health","9":"tag-portugal","10":"tag-pt","11":"tag-saude"},"share_on_mastodon":{"url":"https:\/\/pubeurope.com\/@pt\/115748945729641640","error":""},"_links":{"self":[{"href":"https:\/\/www.europesays.com\/pt\/wp-json\/wp\/v2\/posts\/195414","targetHints":{"allow":["GET"]}}],"collection":[{"href":"https:\/\/www.europesays.com\/pt\/wp-json\/wp\/v2\/posts"}],"about":[{"href":"https:\/\/www.europesays.com\/pt\/wp-json\/wp\/v2\/types\/post"}],"author":[{"embeddable":true,"href":"https:\/\/www.europesays.com\/pt\/wp-json\/wp\/v2\/users\/2"}],"replies":[{"embeddable":true,"href":"https:\/\/www.europesays.com\/pt\/wp-json\/wp\/v2\/comments?post=195414"}],"version-history":[{"count":0,"href":"https:\/\/www.europesays.com\/pt\/wp-json\/wp\/v2\/posts\/195414\/revisions"}],"wp:featuredmedia":[{"embeddable":true,"href":"https:\/\/www.europesays.com\/pt\/wp-json\/wp\/v2\/media\/195415"}],"wp:attachment":[{"href":"https:\/\/www.europesays.com\/pt\/wp-json\/wp\/v2\/media?parent=195414"}],"wp:term":[{"taxonomy":"category","embeddable":true,"href":"https:\/\/www.europesays.com\/pt\/wp-json\/wp\/v2\/categories?post=195414"},{"taxonomy":"post_tag","embeddable":true,"href":"https:\/\/www.europesays.com\/pt\/wp-json\/wp\/v2\/tags?post=195414"}],"curies":[{"name":"wp","href":"https:\/\/api.w.org\/{rel}","templated":true}]}}