{"id":195417,"date":"2025-12-19T23:59:36","date_gmt":"2025-12-19T23:59:36","guid":{"rendered":"https:\/\/www.europesays.com\/pt\/195417\/"},"modified":"2025-12-19T23:59:36","modified_gmt":"2025-12-19T23:59:36","slug":"curtas-empresas-valor-economico","status":"publish","type":"post","link":"https:\/\/www.europesays.com\/pt\/195417\/","title":{"rendered":"Curtas | Empresas | Valor Econ\u00f4mico"},"content":{"rendered":"\n<p class=\" content-text__container theme-color-primary-first-letter\" data-track-category=\"Link no Texto\" data-track-links=\"\"> <strong>Adobe processada<br \/><\/strong>A Adobe foi processada por uso de material protegido por direito autoral para treinamento de ferramentas de intelig\u00eancia artificial. A autora da a\u00e7\u00e3o coletiva aberta nos Estados Unidos, a escritora Elizabeth Lyon, disse que a companhia usou indevidamente livros, incluindo os dela, para treinar seus modelos de IA para responderem a solicita\u00e7\u00f5es humanas. O processo \u00e9 o primeiro do tipo contra a Adobe e mais um em uma onda de a\u00e7\u00f5es judiciais nos EUA movidas por detentores de direitos autorais contra empresas de tecnologia acusadas de usar conte\u00fado protegido para treinar IA. Representantes da Adobe n\u00e3o comentaram o assunto. Lyon e seu advogado tamb\u00e9m n\u00e3o se manifestaram. Lyon disse na queixa que a Adobe usou c\u00f3pias piratas de seus livros e de outros autores para treinar seu modelo SlimLM, informou a Reuters, de Washington. <\/p>\n","protected":false},"excerpt":{"rendered":"Adobe processadaA Adobe foi processada por uso de material protegido por direito autoral para treinamento de ferramentas de&hellip;\n","protected":false},"author":2,"featured_media":30207,"comment_status":"","ping_status":"","sticky":false,"template":"","format":"standard","meta":{"footnotes":""},"categories":[84],"tags":[29518,109,107,108,11000,235,933,39090,1530,39089,32,33,105,103,104,106,110],"class_list":{"0":"post-195417","1":"post","2":"type-post","3":"status-publish","4":"format-standard","5":"has-post-thumbnail","7":"category-ciencia-e-tecnologia","8":"tag-adobe","9":"tag-ciencia","10":"tag-ciencia-e-tecnologia","11":"tag-cienciaetecnologia","12":"tag-direitos-autorais","13":"tag-estados-unidos","14":"tag-inteligencia-artificial","15":"tag-litigios","16":"tag-lyon","17":"tag-micron-technology","18":"tag-portugal","19":"tag-pt","20":"tag-science","21":"tag-science-and-technology","22":"tag-scienceandtechnology","23":"tag-technology","24":"tag-tecnologia"},"share_on_mastodon":{"url":"https:\/\/pubeurope.com\/@pt\/115748953266333544","error":""},"_links":{"self":[{"href":"https:\/\/www.europesays.com\/pt\/wp-json\/wp\/v2\/posts\/195417","targetHints":{"allow":["GET"]}}],"collection":[{"href":"https:\/\/www.europesays.com\/pt\/wp-json\/wp\/v2\/posts"}],"about":[{"href":"https:\/\/www.europesays.com\/pt\/wp-json\/wp\/v2\/types\/post"}],"author":[{"embeddable":true,"href":"https:\/\/www.europesays.com\/pt\/wp-json\/wp\/v2\/users\/2"}],"replies":[{"embeddable":true,"href":"https:\/\/www.europesays.com\/pt\/wp-json\/wp\/v2\/comments?post=195417"}],"version-history":[{"count":0,"href":"https:\/\/www.europesays.com\/pt\/wp-json\/wp\/v2\/posts\/195417\/revisions"}],"wp:featuredmedia":[{"embeddable":true,"href":"https:\/\/www.europesays.com\/pt\/wp-json\/wp\/v2\/media\/30207"}],"wp:attachment":[{"href":"https:\/\/www.europesays.com\/pt\/wp-json\/wp\/v2\/media?parent=195417"}],"wp:term":[{"taxonomy":"category","embeddable":true,"href":"https:\/\/www.europesays.com\/pt\/wp-json\/wp\/v2\/categories?post=195417"},{"taxonomy":"post_tag","embeddable":true,"href":"https:\/\/www.europesays.com\/pt\/wp-json\/wp\/v2\/tags?post=195417"}],"curies":[{"name":"wp","href":"https:\/\/api.w.org\/{rel}","templated":true}]}}