{"id":195418,"date":"2025-12-20T00:03:13","date_gmt":"2025-12-20T00:03:13","guid":{"rendered":"https:\/\/www.europesays.com\/pt\/195418\/"},"modified":"2025-12-20T00:03:13","modified_gmt":"2025-12-20T00:03:13","slug":"eua-lancam-ataques-aereos-contra-o-daesh-na-siria-siria","status":"publish","type":"post","link":"https:\/\/www.europesays.com\/pt\/195418\/","title":{"rendered":"EUA lan\u00e7am ataques a\u00e9reos contra o Daesh na S\u00edria | S\u00edria"},"content":{"rendered":"<p data-end=\"210\" data-start=\"0\">Os Estados Unidos lan\u00e7aram ataques a\u00e9reos contra v\u00e1rios alvos do <a href=\"https:\/\/www.publico.pt\/estado-islamico\" rel=\"nofollow noopener\" target=\"_blank\">Daesh<\/a> na S\u00edria nesta sexta-feira, noticiou o New York Times, citando um respons\u00e1vel norte-americano que falou sob anonimato. A opera\u00e7\u00e3o envolveu ca\u00e7as-bombardeiro e helic\u00f3pteros, auxiliados por disparos de artilharia, detalha o jornal. Os ataques retaliat\u00f3rios s\u00e3o uma &#8220;declara\u00e7\u00e3o de vingan\u00e7a&#8221;, ap\u00f3s a morte de dois soldados e um int\u00e9rprete norte-americanos na S\u00edria, afirmou o secret\u00e1rio de Defesa norte-americano.<\/p>\n<p data-end=\"210\" data-start=\"0\">A ofensiva ter-se-\u00e1 prolongado por v\u00e1rias horas e abranger\u00e1 diversas regi\u00f5es da S\u00edria. A extens\u00e3o geogr\u00e1fica do ataque foi testemunhada pela popula\u00e7\u00e3o s\u00edria, que acorreu \u00e0s redes sociais para partilhar relatos e imagens da opera\u00e7\u00e3o militar, mas focar-se-\u00e1 sobretudo na regi\u00e3o central do pa\u00eds.<\/p>\n<p data-end=\"434\" data-start=\"212\">Os ataques ocorreram depois de o Presidente Donald Trump ter prometido resposta \u00e0 morte de militares norte-americanos no passado fim-de-semana na S\u00edria, ap\u00f3s um ataque perpetrado por um suspeito membro do Daesh.<\/p>\n<p data-end=\"744\" data-start=\"436\">Dois soldados do Ex\u00e9rcito dos EUA e um int\u00e9rprete civil foram mortos no s\u00e1bado, 13, na cidade de Palmira, no centro da S\u00edria, por um homem que visou um comboio onde viajavam for\u00e7as norte-americanas e s\u00edrias, antes de ser abatido, informou o Ex\u00e9rcito norte-americano. Outros tr\u00eas soldados norte-americanos ficaram feridos no ataque.<\/p>\n<p>\u201cIsto n\u00e3o \u00e9 o in\u00edcio de uma guerra \u2014 \u00e9 uma declara\u00e7\u00e3o de vingan\u00e7a\u201d, escreveu Pete Hegseth na rede social X. \u201cComo dissemos imediatamente ap\u00f3s o ataque selvagem, se atacarem americanos \u2014 em qualquer parte do mundo \u2014 passar\u00e3o o resto da vossa breve e angustiada vida a saber que os Estados Unidos vos v\u00e3o ca\u00e7ar, encontrar e matar sem piedade\u201d, l\u00ea-se ainda na publica\u00e7\u00e3o do secret\u00e1rio de Defesa norte-americano.<\/p>\n<p data-end=\"960\" data-is-last-node=\"\" data-is-only-node=\"\" data-start=\"746\">Uma coliga\u00e7\u00e3o liderada pelos EUA tem realizado nos \u00faltimos meses ataques a\u00e9reos e opera\u00e7\u00f5es terrestres na S\u00edria, visando suspeitos do Daesh, muitas vezes com a participa\u00e7\u00e3o das for\u00e7as de seguran\u00e7a s\u00edrias.<\/p>\n<p data-end=\"960\" data-is-last-node=\"\" data-is-only-node=\"\" data-start=\"746\">O ataque de que as for\u00e7as norte-americanas foram alvo no fim-de-semana passado foi o primeiro com baixas para os EUA desde a queda do regime Bashar al-Assad. No entanto, nenhum grupo reivindicou at\u00e9 ao momento a autoria do ataque. Os servi\u00e7os de intelig\u00eancia norte-americanos apontam contudo o dedo ao Daesh.<\/p>\n<p data-end=\"960\" data-is-last-node=\"\" data-is-only-node=\"\" data-start=\"746\">Washington mant\u00e9m cerca de um milhar de militares na S\u00edria, metade do contingente que estava destacado naquele pa\u00eds no in\u00edcio do ano. Parte da presen\u00e7a no pa\u00eds \u00e9 justificada pelo Pent\u00e1gono com o receio de que o Daesh possa tentar libertar milhares de elementos seus detidos no Nordeste do pa\u00eds.<\/p>\n","protected":false},"excerpt":{"rendered":"Os Estados Unidos lan\u00e7aram ataques a\u00e9reos contra v\u00e1rios alvos do Daesh na S\u00edria nesta sexta-feira, noticiou o New&hellip;\n","protected":false},"author":2,"featured_media":195419,"comment_status":"","ping_status":"","sticky":false,"template":"","format":"standard","meta":{"footnotes":""},"categories":[8],"tags":[27,28,413,15,16,14,25,26,21,22,62,12,13,19,20,32,23,24,33,20900,17,18,29,30,31],"class_list":{"0":"post-195418","1":"post","2":"type-post","3":"status-publish","4":"format-standard","5":"has-post-thumbnail","7":"category-principais-noticias","8":"tag-breaking-news","9":"tag-breakingnews","10":"tag-eua","11":"tag-featured-news","12":"tag-featurednews","13":"tag-headlines","14":"tag-latest-news","15":"tag-latestnews","16":"tag-main-news","17":"tag-mainnews","18":"tag-mundo","19":"tag-news","20":"tag-noticias","21":"tag-noticias-principais","22":"tag-noticiasprincipais","23":"tag-portugal","24":"tag-principais-noticias","25":"tag-principaisnoticias","26":"tag-pt","27":"tag-siria","28":"tag-top-stories","29":"tag-topstories","30":"tag-ultimas","31":"tag-ultimas-noticias","32":"tag-ultimasnoticias"},"share_on_mastodon":{"url":"https:\/\/pubeurope.com\/@pt\/115748969700493583","error":""},"_links":{"self":[{"href":"https:\/\/www.europesays.com\/pt\/wp-json\/wp\/v2\/posts\/195418","targetHints":{"allow":["GET"]}}],"collection":[{"href":"https:\/\/www.europesays.com\/pt\/wp-json\/wp\/v2\/posts"}],"about":[{"href":"https:\/\/www.europesays.com\/pt\/wp-json\/wp\/v2\/types\/post"}],"author":[{"embeddable":true,"href":"https:\/\/www.europesays.com\/pt\/wp-json\/wp\/v2\/users\/2"}],"replies":[{"embeddable":true,"href":"https:\/\/www.europesays.com\/pt\/wp-json\/wp\/v2\/comments?post=195418"}],"version-history":[{"count":0,"href":"https:\/\/www.europesays.com\/pt\/wp-json\/wp\/v2\/posts\/195418\/revisions"}],"wp:featuredmedia":[{"embeddable":true,"href":"https:\/\/www.europesays.com\/pt\/wp-json\/wp\/v2\/media\/195419"}],"wp:attachment":[{"href":"https:\/\/www.europesays.com\/pt\/wp-json\/wp\/v2\/media?parent=195418"}],"wp:term":[{"taxonomy":"category","embeddable":true,"href":"https:\/\/www.europesays.com\/pt\/wp-json\/wp\/v2\/categories?post=195418"},{"taxonomy":"post_tag","embeddable":true,"href":"https:\/\/www.europesays.com\/pt\/wp-json\/wp\/v2\/tags?post=195418"}],"curies":[{"name":"wp","href":"https:\/\/api.w.org\/{rel}","templated":true}]}}