{"id":195420,"date":"2025-12-20T00:04:19","date_gmt":"2025-12-20T00:04:19","guid":{"rendered":"https:\/\/www.europesays.com\/pt\/195420\/"},"modified":"2025-12-20T00:04:19","modified_gmt":"2025-12-20T00:04:19","slug":"me-julga-por-algo-que-a-filha-tambem-passou-record","status":"publish","type":"post","link":"https:\/\/www.europesays.com\/pt\/195420\/","title":{"rendered":"\u2018Me julga por algo que a filha tamb\u00e9m passou\u2019 \u2013 Record"},"content":{"rendered":"<p><img decoding=\"async\" data-chromatic=\"ignore\" alt=\"\" class=\"c-image\" loading=\"lazy\" src=\"https:\/\/www.europesays.com\/pt\/wp-content\/uploads\/2025\/12\/OYONL5JRKJGG3PSZIGIZA5764Q.png\"  width=\"2116\" height=\"1153\"\/>Duda alfinetou as rivais durante a Live da Vice Reprodu\u00e7\u00e3o\/RecordPlus <\/p>\n<p class=\"jarvics:base-text-neutral-high-400 base-text-[calc(theme(fontSize.xs)_*_var(--font-size,_1))] base-font-normal base-font-primary base-text-neutral-low-500 base-text-left\">Uma das grandes protagonistas de <a href=\"https:\/\/record.r7.com\/a-fazenda\/a-fazenda-17\/\" target=\"_self\" rel=\"nofollow noopener\" title=\"https:\/\/record.r7.com\/a-fazenda\/a-fazenda-17\/\"><b>A Fazenda 17<\/b><\/a> fechou sua agenda de compromissos com uma super Live da Vice com Lucas Selfie nesta sexta (19). <a href=\"https:\/\/record.r7.com\/a-fazenda\/a-fazenda-17\/peoes\/duda-wendling\" target=\"_self\" title=\"Duda Wendling\" rel=\"nofollow noopener\"><b>Duda Wendling<\/b><\/a><b> <\/b>conquistou a segunda coloca\u00e7\u00e3o na final do reality <a href=\"https:\/\/record.r7.com\/a-fazenda\/a-fazenda-17\/novidades\/duda-wendling-e-a-vice-campea-de-a-fazenda-17-com-1457-dos-votos-19122025\/\" target=\"_self\" rel=\"nofollow noopener\" title=\"https:\/\/record.r7.com\/a-fazenda\/a-fazenda-17\/novidades\/duda-wendling-e-a-vice-campea-de-a-fazenda-17-com-1457-dos-votos-19122025\/\"><b>com 14, 57% dos votos<\/b><\/a> e levou um carr\u00e3o zero km. Depois da noite agitada do programa, ela bateu um papo sobre sua trajet\u00f3ria repleta de emo\u00e7\u00f5es no cercad\u00e3o!<\/p>\n<p class=\"jarvics:base-text-neutral-high-400 base-text-[calc(theme(fontSize.xs)_*_var(--font-size,_1))] base-font-normal base-font-primary base-text-neutral-low-500 base-text-left\">Ela chegou bastante cansada para a live, mas logo se encheu de alegria para descobrir as fofocas da temporada! Lucas perguntou o que ela assistiu p\u00f3s-reality que mais a chocou. Duda refletiu: \u201cAs cenas das expuls\u00f5es s\u00e3o muito estranhas, as coisas que o <a href=\"https:\/\/record.r7.com\/a-fazenda\/a-fazenda-17\/peoes\/fabiano-moraes\" target=\"_self\" rel=\"nofollow noopener\" title=\"https:\/\/record.r7.com\/a-fazenda\/a-fazenda-17\/peoes\/fabiano-moraes\"><b>Fabiano<\/b><\/a> falou tamb\u00e9m\u201d.<\/p>\n<p class=\"jarvics:base-text-neutral-high-400 base-text-[calc(theme(fontSize.xs)_*_var(--font-size,_1))] base-font-normal base-font-primary base-text-neutral-low-500 base-text-left\">Para come\u00e7ar os trabalhos, Selfie mostrou cenas da derrocada da amizade entre a atriz e <a href=\"https:\/\/record.r7.com\/a-fazenda\/a-fazenda-17\/peoes\/saory-cardoso\" target=\"_self\" title=\"Saory Cardoso\" rel=\"nofollow noopener\"><b>Saory Cardoso<\/b><\/a>. Duda explicou que a dentista ficou bastante chateada quando ela foi falar com <a href=\"https:\/\/record.r7.com\/a-fazenda\/a-fazenda-17\/peoes\/nizam-hayek\" target=\"_self\" rel=\"nofollow noopener\" title=\"https:\/\/record.r7.com\/a-fazenda\/a-fazenda-17\/peoes\/nizam-hayek\"><b>Nizam<\/b><\/a>, para tentar colocar <a href=\"https:\/\/record.r7.com\/a-fazenda\/a-fazenda-17\/peoes\/fernando-sampaio\" target=\"_self\" title=\"Fernando Sampaio\" rel=\"nofollow noopener\"><b>Fernando Sampaio<\/b><\/a><b> <\/b>na Ro\u00e7a. A partir daquele momento, ela foi vista como \u2018tra\u00edra\u2019 e a amizade desandou. Mesmo assim, n\u00e3o se arrepende, pois seguiu seu cora\u00e7\u00e3o: \u201cA <a href=\"https:\/\/record.r7.com\/a-fazenda\/a-fazenda-17\/peoes\/gaby-spanic\" target=\"_self\" rel=\"nofollow noopener\" title=\"https:\/\/record.r7.com\/a-fazenda\/a-fazenda-17\/peoes\/gaby-spanic\"><b>Gaby<\/b><\/a> n\u00e3o aguentava mais a presen\u00e7a do Fernando\u201d.<\/p>\n<p class=\"jarvics:base-text-neutral-high-400 base-text-[calc(theme(fontSize.xs)_*_var(--font-size,_1))] base-font-normal base-font-primary base-text-neutral-low-500 base-text-left\">Duda p\u00f4de assistir \u00e0s conversas dos pe\u00f5es sobre ela querer algo a mais com<b> <\/b><a href=\"https:\/\/record.r7.com\/a-fazenda\/a-fazenda-17\/peoes\/wallas-arrais\" target=\"_self\" title=\"Wallas Arrais\" rel=\"nofollow noopener\"><b>Wallas Arrais<\/b><\/a>. A atriz ficou chocada: \u201cNunca tive interesse em ficar com o WA!\u201d. Ela ainda brincou: \u201cAs pessoas se atraem por mim, \u00e9 normal, e n\u00e3o tenho culpa, o que vou fazer?\u201d.<\/p>\n<p class=\"jarvics:base-text-neutral-high-400 base-text-[calc(theme(fontSize.xs)_*_var(--font-size,_1))] base-font-normal base-font-primary base-text-neutral-low-500 base-text-left\">Sobre as acusa\u00e7\u00f5es das rivais, que diziam que Duda n\u00e3o achava <a href=\"https:\/\/record.r7.com\/a-fazenda\/a-fazenda-17\/peoes\/matheus-martins\" target=\"_self\" title=\"Matheus Martins\" rel=\"nofollow noopener\"><b>Matheus Martins<\/b><\/a> e <a href=\"https:\/\/record.r7.com\/a-fazenda\/a-fazenda-17\/peoes\/luiz-mesquita\" target=\"_self\" title=\"Luiz Mesquita\" rel=\"nofollow noopener\"><b>Luiz Mesquita<\/b><\/a> bonitos, a atriz revelou que gosta de homens que a tratem bem: \u201cA parte da apar\u00eancia acaba que n\u00e3o importa tanto\u201d. <\/p>\n<p class=\"jarvics:base-text-neutral-high-400 base-text-[calc(theme(fontSize.xs)_*_var(--font-size,_1))] base-font-normal base-font-primary base-text-neutral-low-500 base-text-left\">A ex-peoa tamb\u00e9m alfinetou, ap\u00f3s assistir ao VT em que cita suposto caso de Saory: \u201cEm rela\u00e7\u00e3o ao que falei do Neymar, \u00e9 s\u00f3 voc\u00ea pesquisarem no Google, Saory e Neymar, e v\u00ea qual \u00e9 a primeira coisa que aparece\u201d. Lucas deu risada, e lembrou que a atriz ganhou um carro, por isso estava sem medo de processos. Duda disse: \u201cN\u00e3o tenho nem garagem para colocar o carro!\u201d.<\/p>\n<p class=\"jarvics:base-text-neutral-high-400 base-text-[calc(theme(fontSize.xs)_*_var(--font-size,_1))] base-font-normal base-font-primary base-text-neutral-low-500 base-text-left\">A vice-campe\u00e3 tamb\u00e9m revelou por que se aproximou de<b> <\/b><a href=\"https:\/\/record.r7.com\/a-fazenda\/a-fazenda-17\/peoes\/maria-caporusso\" target=\"_self\" title=\"Maria Caporusso\" rel=\"nofollow noopener\"><b>Maria Caporusso<\/b><\/a>. Ela citou que viu coer\u00eancia em algumas a\u00e7\u00f5es da influenciadora e ficou curiosa para saber as fofocas da Liga: \u201cA gente teve uma troca legal\u201d. Selfie aproveitou para perguntar se o que ela sente por Mesquita \u00e9 maior que o que sentiu por Matheus: \u201cMuito mais, do que pelo Matheus, obviamente. Que do Matheus n\u00e3o sentia nada, pelo Mesquita sinto algumas coisas. Ele me trata como uma rainha\u201d.<\/p>\n<p class=\"jarvics:base-text-neutral-high-400 base-text-[calc(theme(fontSize.xs)_*_var(--font-size,_1))] base-font-normal base-font-primary base-text-neutral-low-500 base-text-left\">Ela reviu o VT de Matheus dizendo que iria usar Duda. Ela revirou os olhos e ignorou: \u201cFiquei em choque que MaDu foi um shipp muito grande\u201d. Selfie refor\u00e7ou a cena, e a atriz definiu o ex em uma palavra: \u201cOt\u00e1rio\u201d. A ex-peoa ainda afirmou sobre o suposto selinho: \u201cN\u00e3o tem o porqu\u00ea de mentir, \u00e9 tudo gravado! Ele foi burro. [&#8230;] Pateta, n\u00e9? Mas espero que seja muito feliz com a Maria\u201d.<\/p>\n<p class=\"jarvics:base-text-neutral-high-400 base-text-[calc(theme(fontSize.xs)_*_var(--font-size,_1))] base-font-normal base-font-primary base-text-neutral-low-500 base-text-left\">Por falar no selinho, Duda explicou seu lado da hist\u00f3ria: \u201cEu queria fumar o tabaco dele&#8230; A\u00ed falei, vamos l\u00e1, zoando\u201d. Segundo a atriz, ela queria apenas fumar, e nunca beijaria o cantor.<\/p>\n<p><b>Assista:<\/b><\/p>\n<p class=\"jarvics:base-text-neutral-high-400 base-text-[calc(theme(fontSize.xs)_*_var(--font-size,_1))] base-font-normal base-font-primary base-text-neutral-low-500 base-text-left\">Na sequ\u00eancia, Lucas mostrou o que cada ex-pe\u00e3o disse sobre Duda no jogo Acelera Betano. Carol Lekker afirmou que a atriz daria com a cara no muro, e rebateu com deboche: \u201cExpuls\u00e3o n\u00e3o tive, top 2 eu tive, n\u00e9, Carol?\u201d. <\/p>\n<p class=\"jarvics:base-text-neutral-high-400 base-text-[calc(theme(fontSize.xs)_*_var(--font-size,_1))] base-font-normal base-font-primary base-text-neutral-low-500 base-text-left\">Ela foi al\u00e9m, detonando a Miss Bumbum: \u201cSe eu namoro, estou casada, pretendo ter filhos com a pessoa, n\u00e3o vou ficar olhando o documento das outras pessoas, porque n\u00e3o me importa. Independente de estar volumoso. [&#8230;] Ela pediu para comparar com o do Matheus, escolher. Para voc\u00eas verem o n\u00edvel, depois eu que era a rainha da fornica\u00e7\u00e3o. Acho que esse t\u00edtulo, essa coroa, deve ser passado para outra pessoa que beijou a casa inteira e ficou manjando tamanho de documento dos meninos!\u201d.<\/p>\n<p class=\"jarvics:base-text-neutral-high-400 base-text-[calc(theme(fontSize.xs)_*_var(--font-size,_1))] base-font-normal base-font-primary base-text-neutral-low-500 base-text-left\">Duda reviu a <a href=\"https:\/\/record.r7.com\/a-fazenda\/a-fazenda-17\/novidades\/fotos\/familia-reunida-confira-os-embates-que-vieram-a-tona-na-lavacao-de-roupa-suja-de-a-fazenda-17-17122025\/\" target=\"_self\" rel=\"nofollow noopener\" title=\"https:\/\/record.r7.com\/a-fazenda\/a-fazenda-17\/novidades\/fotos\/familia-reunida-confira-os-embates-que-vieram-a-tona-na-lavacao-de-roupa-suja-de-a-fazenda-17-17122025\/\"><b>cena em que Carol diz que \u00e9 protagonista<\/b><\/a> e Duda, n\u00e3o. A atriz alegou que est\u00e1 muito feliz sendo vice-campe\u00e3: \u201cT\u00f4 recebendo muito apoio!\u201d. Ela tamb\u00e9m acha que a Miss Bumbum se chateia por ser muito parecida com ela. Duda disse que as duas t\u00eam hist\u00f3rias de vida parecidas, e revelou que tamb\u00e9m come\u00e7ou a trabalhar cedo, teve dificuldades na rela\u00e7\u00e3o com a m\u00e3e e n\u00e3o teve pai.<\/p>\n<p class=\"jarvics:base-text-neutral-high-400 base-text-[calc(theme(fontSize.xs)_*_var(--font-size,_1))] base-font-normal base-font-primary base-text-neutral-low-500 base-text-left\">Na vis\u00e3o de Duda, quando Carol foi expulsa, a rela\u00e7\u00e3o com uma rival melhorou: \u201cA Saory gosta de ir para cima quando tem outra pessoa junto. Ela vai sozinha tamb\u00e9m, mas na maioria das vezes&#8230; A Carol botava pilha e ela tamb\u00e9m. Tanto que a Carol detestava a Saory, apontou nove motivos de que ela n\u00e3o gostava da Saory\u201d.<\/p>\n<p class=\"jarvics:base-text-neutral-high-400 base-text-[calc(theme(fontSize.xs)_*_var(--font-size,_1))] base-font-normal base-font-primary base-text-neutral-low-500 base-text-left\">Mesmo com a pausa, ela acha que a amizade aqui fora n\u00e3o vai acontecer. Ela prefere se manter pr\u00f3xima de outras pessoas: \u201cKathy, Wal\u00e9rio, Mesquitinha e <a href=\"https:\/\/record.r7.com\/a-fazenda\/a-fazenda-17\/peoes\/yona-sousa\" target=\"_self\" rel=\"nofollow noopener\" title=\"https:\/\/record.r7.com\/a-fazenda\/a-fazenda-17\/peoes\/yona-sousa\"><b>Yon\u00e1<\/b><\/a>\u201d. Selfie zombou da atriz, dizendo que estava colocando o namorado na friedzone, mas ela revelou: \u201cA gente vai passar o Natal juntos!\u201d.<\/p>\n<p class=\"jarvics:base-text-neutral-high-400 base-text-[calc(theme(fontSize.xs)_*_var(--font-size,_1))] base-font-normal base-font-primary base-text-neutral-low-500 base-text-left\">Mesquita apareceu na live para dar um beijinho na amada!<\/p>\n<p><img decoding=\"async\" data-chromatic=\"ignore\" alt=\"\" class=\"c-image\" loading=\"lazy\" src=\"https:\/\/www.europesays.com\/pt\/wp-content\/uploads\/2025\/12\/F34ABW5FDRDHLDQTFAVRFWMT5M.png\"  width=\"2116\" height=\"1153\"\/>Mesquita surpreendeu Duda na live Reprodu\u00e7\u00e3o\/YouTube <\/p>\n<p class=\"jarvics:base-text-neutral-high-400 base-text-[calc(theme(fontSize.xs)_*_var(--font-size,_1))] base-font-normal base-font-primary base-text-neutral-low-500 base-text-left\">Mudando um pouco de assunto, Duda p\u00f4de assistir \u00e0s cenas em que os rivais falam muito mal dela, vinculando com prostitui\u00e7\u00e3o e pizza brotinho: \u201cEm rela\u00e7\u00e3o \u00e0 Yon\u00e1, acho ela muito c\u00f4mica, prefiro acreditar que as coisas que ela fala s\u00e3o por conta de personagem. Essas piadinhas machistas, n\u00e3o concordo, tantas mulheres passam por injusti\u00e7as, \u00e9 muito triste\u201d.<\/p>\n<p class=\"jarvics:base-text-neutral-high-400 base-text-[calc(theme(fontSize.xs)_*_var(--font-size,_1))] base-font-normal base-font-primary base-text-neutral-low-500 base-text-left\">Duda deixou bastante claro que \u00e9 livre, e terminou o relacionamento com Matheus antes de dar abertura \u00e0 Mesquita: \u201cPor que n\u00e3o dar abertura para um cara super especial, super amoroso, super legal, que \u00e9 o Mesquitinha? E pelo visto foi a melhor escolha, porque \u00e9 um cara que me trata super bem, e aqui fora continua sendo a mesma pessoa que era l\u00e1 dentro. Um cara \u201910\/10\u201d.<\/p>\n<p class=\"jarvics:base-text-neutral-high-400 base-text-[calc(theme(fontSize.xs)_*_var(--font-size,_1))] base-font-normal base-font-primary base-text-neutral-low-500 base-text-left\">Ela detonou as falas machistas de Fabiano sobre pizza brotinho: \u201cSe ele me via como filha dele, por que n\u00e3o teve esse cuidado comigo? \u00c9 isso que n\u00e3o consigo entender. Tanto que quando falei que a Viih Tube foi \u2018Rainha da Farofa\u2019, ele disse que foi numa festa n\u00e3o num reality, gente, n\u00e3o muda nada! [&#8230;] N\u00e3o entendi o porqu\u00ea dele me julgar por algo que a filha dele tamb\u00e9m passou\u201d.<\/p>\n<p class=\"jarvics:base-text-neutral-high-400 base-text-[calc(theme(fontSize.xs)_*_var(--font-size,_1))] base-font-normal base-font-primary base-text-neutral-low-500 base-text-left\">Duda alegou que pode processar Fabiano: \u201cTalvez role, tenho que conversar com meus pais, meu advogado, imagina minha m\u00e3e vendo isso? Minha bisa assistiu ao reality, minha v\u00f3. E a minha m\u00e3e me apoia muito com o Mesquita, gosta muito da nossa rela\u00e7\u00e3o, assim que ele saiu, ligou para ela. Se nem minha m\u00e3e se importou, mesmo assistindo teve orgulho de mim e da minha trajet\u00f3ria, de ter chegado ao Top 2. Ent\u00e3o n\u00e3o entendo porque um cara de 60, 50 anos, que \u00e9 pai, casado, av\u00f4, se importou tanto assim o reality todo!\u201d<\/p>\n<p class=\"jarvics:base-text-neutral-high-400 base-text-[calc(theme(fontSize.xs)_*_var(--font-size,_1))] base-font-normal base-font-primary base-text-neutral-low-500 base-text-left\">Sobre arrependimentos, Duda afirmou que Matheus foi seu pior erro: \u201cO loiro\u201d. E foi com ele e Saory que a atriz come\u00e7ou o jogo das plaquinhas.<\/p>\n<p><b>Se liga: <\/b><\/p>\n<p class=\"jarvics:base-text-neutral-high-400 base-text-[calc(theme(fontSize.xs)_*_var(--font-size,_1))] base-font-normal base-font-primary base-text-neutral-low-500 base-text-left\">Perdeu algum momento de <a href=\"https:\/\/record.r7.com\/a-fazenda\/a-fazenda-17\/\" rel=\"nofollow noopener\" title=\"https:\/\/record.r7.com\/a-fazenda\/a-fazenda-17\/\" target=\"_blank\"><b>A Fazenda 17<\/b><\/a>? Assine o <a href=\"https:\/\/www.recordplus.com\/home\" rel=\"nofollow noopener\" title=\"https:\/\/www.recordplus.com\/home\" target=\"_blank\"><b>RecordPlus<\/b><\/a> e reveja tudo o que rolou na temporada quando e onde quiser!<\/p>\n<p class=\"jarvics:base-text-neutral-high-400 base-text-[calc(theme(fontSize.xxs)_*_var(--font-size,_1))] base-font-semibold base-font-primary base-text-neutral-low-500 base-text-left\">Se tem algu\u00e9m que se jogou sem medo em A Fazenda 17, foi Duda Wendling! A atriz chegou por \u00faltimo na sede, mas garantiu entrada triunfal e come\u00e7ou o jogo com vontade. Ela tretou, teve affairs, beijou e protagonizou cenas engra\u00e7adas. Relembre a trajet\u00f3ria!<\/p>\n","protected":false},"excerpt":{"rendered":"Duda alfinetou as rivais durante a Live da Vice Reprodu\u00e7\u00e3o\/RecordPlus Uma das grandes protagonistas de A Fazenda 17&hellip;\n","protected":false},"author":2,"featured_media":195421,"comment_status":"","ping_status":"","sticky":false,"template":"","format":"standard","meta":{"footnotes":""},"categories":[145],"tags":[657,211,210,22553,114,115,16778,32,33],"class_list":{"0":"post-195420","1":"post","2":"type-post","3":"status-publish","4":"format-standard","5":"has-post-thumbnail","7":"category-celebridades","8":"tag-a-fazenda","9":"tag-celebridades","10":"tag-celebrities","11":"tag-duda-wendling","12":"tag-entertainment","13":"tag-entretenimento","14":"tag-lucas-selfie","15":"tag-portugal","16":"tag-pt"},"share_on_mastodon":{"url":"https:\/\/pubeurope.com\/@pt\/115748973281081377","error":""},"_links":{"self":[{"href":"https:\/\/www.europesays.com\/pt\/wp-json\/wp\/v2\/posts\/195420","targetHints":{"allow":["GET"]}}],"collection":[{"href":"https:\/\/www.europesays.com\/pt\/wp-json\/wp\/v2\/posts"}],"about":[{"href":"https:\/\/www.europesays.com\/pt\/wp-json\/wp\/v2\/types\/post"}],"author":[{"embeddable":true,"href":"https:\/\/www.europesays.com\/pt\/wp-json\/wp\/v2\/users\/2"}],"replies":[{"embeddable":true,"href":"https:\/\/www.europesays.com\/pt\/wp-json\/wp\/v2\/comments?post=195420"}],"version-history":[{"count":0,"href":"https:\/\/www.europesays.com\/pt\/wp-json\/wp\/v2\/posts\/195420\/revisions"}],"wp:featuredmedia":[{"embeddable":true,"href":"https:\/\/www.europesays.com\/pt\/wp-json\/wp\/v2\/media\/195421"}],"wp:attachment":[{"href":"https:\/\/www.europesays.com\/pt\/wp-json\/wp\/v2\/media?parent=195420"}],"wp:term":[{"taxonomy":"category","embeddable":true,"href":"https:\/\/www.europesays.com\/pt\/wp-json\/wp\/v2\/categories?post=195420"},{"taxonomy":"post_tag","embeddable":true,"href":"https:\/\/www.europesays.com\/pt\/wp-json\/wp\/v2\/tags?post=195420"}],"curies":[{"name":"wp","href":"https:\/\/api.w.org\/{rel}","templated":true}]}}