{"id":195430,"date":"2025-12-20T00:12:24","date_gmt":"2025-12-20T00:12:24","guid":{"rendered":"https:\/\/www.europesays.com\/pt\/195430\/"},"modified":"2025-12-20T00:12:24","modified_gmt":"2025-12-20T00:12:24","slug":"kate-middleton-inspirou-se-na-princesa-diana-para-o-melhor-look-do-ano","status":"publish","type":"post","link":"https:\/\/www.europesays.com\/pt\/195430\/","title":{"rendered":"Kate Middleton inspirou-se na Princesa Diana para o melhor look do ano?"},"content":{"rendered":"<p>Para os elementos das fam\u00edlias reais europeias, o ano de 2025 foi, como sempre, recheado de\u00a0looks elegantes que chamaram a aten\u00e7\u00e3o. Quando escrevemos isto pensamos quase imediatamente no nome da <a href=\"https:\/\/versa.iol.pt\/kate-middleton\/casaco\/kate-middleton-volta-a-um-look-de-2021-para-enviar-a-mensagem-mais-poderosa-do-ano\/20251215\/6940023cd34e2bd5c6d51dc6\" rel=\"nofollow noopener\" target=\"_blank\">Princesa de Gales, Kate Middleton<\/a>.\u00a0<\/p>\n<p>Kate \u00e9 desde sempre uma inspira\u00e7\u00e3o no que diz respeito ao estilo a e, este ano, continuou a apostar em pe\u00e7as que deram que falar. Fez escolhas muito certas, algumas que causaram pol\u00e9mica, <a href=\"https:\/\/versa.iol.pt\/kate-middleton\/realeza-britanica\/kate-middleton-nunca-foi-tao-criticada-do-look-tendencia-aos-comentarios-desagradaveis\/20250905\/68baa549d34ef72ee44a2e3d\" rel=\"nofollow noopener\" target=\"_blank\">como a cor de cabelo mais clara<\/a>, mas o verdadeiro destaque vai para um outfit que usou em\u00a0maio, nas <a href=\"https:\/\/versa.iol.pt\/moda\/kate-middlenton\/o-look-de-kate-middleton-que-segue-tendencias-e-faz-lembrar-diana\/20250509\/681db3f9d34ef72ee445ba5e\" rel=\"nofollow noopener\" target=\"_blank\">celebra\u00e7\u00f5es do 80.\u00ba anivers\u00e1rio do Dia da Vit\u00f3ria, uma data que simboliza o fim da Segunda Guerra Mundial na Europa<\/a>.\u00a0<\/p>\n<p>  <img loading=\"lazy\" decoding=\"async\" alt=\"\" height=\"700\" src=\"https:\/\/www.europesays.com\/pt\/wp-content\/uploads\/2025\/12\/681daedcd34e3f0bae9debac.webp\" width=\"467\"\/> <\/p>\n<p>    Kate Middleton em maio de 2025 | Fotografia: Getty Images, Samir Hussein <\/p>\n<p>\u00c9, sem d\u00favida, um look\u00a0que merece aten\u00e7\u00e3o e por v\u00e1rios motivos. Tem como protagonista um vestido, com um corte elegante pelos joelhos, com mangas em bal\u00e3o e gola alta. Destaca-se por ter <a href=\"https:\/\/versa.iol.pt\/diana-chaves\/polka-dot\/e-impossivel-desviar-o-olhar-do-padrao-que-conquistou-diana-chaves\/20251105\/6908e0f4d34e3caad84ada1b\" rel=\"nofollow noopener\" target=\"_blank\">um dos estampados do ano: o polka dot<\/a>\u00a0em branco e preto. Para completar usou uns sapatos nude e\u00a0<a href=\"https:\/\/versa.iol.pt\/moda\/melania-trump\/todos-falam-do-chapeu-mas-e-a-mensagem-que-veste-melania-trump\/20250121\/678f578ad34e94b82909ed19\" wbo-id=\"39\" rel=\"nofollow noopener\" target=\"_blank\">um chap\u00e9u preto<\/a>. \u00a0<\/p>\n<p>Tamb\u00e9m est\u00e1 entre os nossos favoritos porque em 1988, <a href=\"https:\/\/versa.iol.pt\/slip-dress\/vestido-renda\/do-vestido-que-fez-historia-as-37-opcoes-low-cost-que-diana-usaria\/20250824\/68a71c1bd34ef72ee449a895\" rel=\"nofollow noopener\" target=\"_blank\">a Princesa Diana<\/a>, m\u00e3e <a href=\"https:\/\/versa.iol.pt\/kate-middleton\/rainha-vitoria\/o-que-tem-em-comum-kate-middleton-e-rainha-vitoria-algo-que-william-nao-aprecia\/20250914\/68c158f2d34e58bc679588a5\" rel=\"nofollow noopener\" target=\"_blank\">do Pr\u00edncipe William<\/a> e sogra de Kate Middleton, usou um vestido com um corte muito semelhante, sem a gola, mas exatamente com o mesmo padr\u00e3o e cores, nas corridas do Royal Ascot.<\/p>\n<p>Lady Di completou o seu look\u00a0um chap\u00e9u grande, com o mesmo padr\u00e3o, sapatos brancos e pretos e ainda\u00a0<a href=\"https:\/\/versa.iol.pt\/moda\/brincos\/5-tendencias-de-brincos-que-ja-conquistaram-as-it-girls\/20250509\/681b32bbd34ef72ee445a226\" wbo-id=\"40\" rel=\"nofollow noopener\" target=\"_blank\">joias com p\u00e9rolas, um colar e brincos<\/a>.\u00a0<\/p>\n<p>  <img loading=\"lazy\" decoding=\"async\" alt=\"\" height=\"900\" src=\"https:\/\/www.europesays.com\/pt\/wp-content\/uploads\/2025\/12\/681db58fd34e3f0bae9debe4.webp\" width=\"526\"\/> <\/p>\n<p>    Princesa Diana em 1988 | Fotografia:\u00a0Fotografia: Getty Images, Julian Parker <\/p>\n<p>Claro, al\u00e9m deste look,\u00a0a princesa usou muitos outros ao longo dos anos que merecem estar em destaque. Podes analisar alguns na galeria de imagens.<\/p>\n","protected":false},"excerpt":{"rendered":"Para os elementos das fam\u00edlias reais europeias, o ano de 2025 foi, como sempre, recheado de\u00a0looks elegantes que&hellip;\n","protected":false},"author":2,"featured_media":111134,"comment_status":"","ping_status":"","sticky":false,"template":"","format":"standard","meta":{"footnotes":""},"categories":[85],"tags":[1081,204,114,115,754,4257,186,1079,32,14178,33,1083,1078,1080],"class_list":{"0":"post-195430","1":"post","2":"type-post","3":"status-publish","4":"format-standard","5":"has-post-thumbnail","7":"category-entretenimento","8":"tag-beleza","9":"tag-design","10":"tag-entertainment","11":"tag-entretenimento","12":"tag-gastronomia","13":"tag-kate-middleton","14":"tag-lifestyle","15":"tag-moda","16":"tag-portugal","17":"tag-princesa-diana","18":"tag-pt","19":"tag-tendencia","20":"tag-versa","21":"tag-viagens"},"share_on_mastodon":{"url":"https:\/\/pubeurope.com\/@pt\/115749004599337733","error":""},"_links":{"self":[{"href":"https:\/\/www.europesays.com\/pt\/wp-json\/wp\/v2\/posts\/195430","targetHints":{"allow":["GET"]}}],"collection":[{"href":"https:\/\/www.europesays.com\/pt\/wp-json\/wp\/v2\/posts"}],"about":[{"href":"https:\/\/www.europesays.com\/pt\/wp-json\/wp\/v2\/types\/post"}],"author":[{"embeddable":true,"href":"https:\/\/www.europesays.com\/pt\/wp-json\/wp\/v2\/users\/2"}],"replies":[{"embeddable":true,"href":"https:\/\/www.europesays.com\/pt\/wp-json\/wp\/v2\/comments?post=195430"}],"version-history":[{"count":0,"href":"https:\/\/www.europesays.com\/pt\/wp-json\/wp\/v2\/posts\/195430\/revisions"}],"wp:featuredmedia":[{"embeddable":true,"href":"https:\/\/www.europesays.com\/pt\/wp-json\/wp\/v2\/media\/111134"}],"wp:attachment":[{"href":"https:\/\/www.europesays.com\/pt\/wp-json\/wp\/v2\/media?parent=195430"}],"wp:term":[{"taxonomy":"category","embeddable":true,"href":"https:\/\/www.europesays.com\/pt\/wp-json\/wp\/v2\/categories?post=195430"},{"taxonomy":"post_tag","embeddable":true,"href":"https:\/\/www.europesays.com\/pt\/wp-json\/wp\/v2\/tags?post=195430"}],"curies":[{"name":"wp","href":"https:\/\/api.w.org\/{rel}","templated":true}]}}