{"id":195433,"date":"2025-12-20T00:18:19","date_gmt":"2025-12-20T00:18:19","guid":{"rendered":"https:\/\/www.europesays.com\/pt\/195433\/"},"modified":"2025-12-20T00:18:19","modified_gmt":"2025-12-20T00:18:19","slug":"marido-desabafa-sobre-internacao-de-isabel-veloso-na-uti-em-carta-aberta-com-alma-rasgada","status":"publish","type":"post","link":"https:\/\/www.europesays.com\/pt\/195433\/","title":{"rendered":"Marido desabafa sobre interna\u00e7\u00e3o de Isabel Veloso na UTI em carta aberta: &#8220;Com alma rasgada&#8221;"},"content":{"rendered":"<p>                            <img width=\"944\" height=\"531\" src=\"https:\/\/www.europesays.com\/pt\/wp-content\/uploads\/2025\/12\/Isabel-Veloso-e-entubada-e-internada-em-UTI-diz-marido-944x531.jpg\" class=\"attachment-custom-large size-custom-large article-featured-image\" alt=\"Isabel Veloso e o marido, Lucas Borbas\" fetchpriority=\"high\" decoding=\"async\"  \/><\/p>\n<p class=\"image-caption\">Isabel Veloso est\u00e1 h\u00e1 14 dias na UTI (Foto: Redes sociais, Reprodu\u00e7\u00e3o)<\/p>\n<p>Lucas Borbas, marido da influenciadora Isabel Veloso, de 19 anos, que est\u00e1 internada h\u00e1 14 dias na Unidade de Terapia Intensiva (UTI) em um hospital no Paran\u00e1, desabafou em uma carta aberta para a esposa publicada em uma rede social. Na legenda de uma foto do casamento dos dois, Lucas escreveu que ir\u00e1 lutar \u201cat\u00e9 o fim [\u2026] com o que tenho, com o que sou, com cada peda\u00e7o do meu cora\u00e7\u00e3o\u201d.<\/p>\n<p>Continua depois da publicidade<\/p>\n<p>Lucas iniciou a carta afirmando que quer que os seguidores saibam, \u201cindependente do que aconte\u00e7a\u201d, que Isabel \u201cfoi a minha ora\u00e7\u00e3o naquela madrugada em que pedi a Deus apenas uma chance de ter uma fam\u00edlia\u201d. Lucas vem atualizando o <a href=\"https:\/\/www.nsctotal.com.br\/noticias\/marido-se-emociona-ao-atualizar-estado-de-saude-de-isabel-veloso-quadro-bem-delicado\" target=\"_blank\" rel=\"noreferrer noopener nofollow\"><strong>estado de sa\u00fade<\/strong><\/a> de Isabel nas redes sociais, assim como o<strong> <a href=\"https:\/\/www.nsctotal.com.br\/noticias\/pai-de-isabel-veloso-se-manifesta-sobre-estado-de-saude-de-filha-lutando-com-coragem\" target=\"_blank\" rel=\"noreferrer noopener nofollow\">pai da jovem<\/a><\/strong>, respons\u00e1vel pelo \u00faltimo transplante de medula \u00f3ssea como parte do tratamento m\u00e9dico para o Linfoma de Hodgkin.<\/p>\n<p>\u201cVoc\u00ea foi a alegria nos meus dias frustrantes, a resposta silenciosa quando eu j\u00e1 n\u00e3o sabia mais o que pedir. Conhecer voc\u00ea naquele dia foi, sem exagero, a melhor coisa que j\u00e1 me aconteceu. Viver esse sonho ao seu lado, construir uma fam\u00edlia, chamar isso de n\u00f3s, sempre foi uma d\u00e1diva\u201d, escreveu.<\/p>\n<p>Qual o hist\u00f3rico de Isabel Veloso1<\/p>\n<p>VoltarAvan\u00e7ar<\/p>\n<p><img loading=\"lazy\" decoding=\"async\" width=\"1200\" height=\"675\" data-id=\"7252251\" src=\"https:\/\/www.europesays.com\/pt\/wp-content\/uploads\/2025\/12\/Entenda-o-caso-de-Isabel-Veloso-influenciadora-gravida-com-cancer-terminal-3.jpg\" alt=\"\" class=\"wp-image-7252251\"  \/><\/p>\n<p>Jovem \u00e9 diagnosticada com c\u00e2ncer desde os 15 anos, e aos 17 descobriu que a doen\u00e7a era incur\u00e1vel e interrompeu o tratamento (Foto: Redes sociais, Reprodu\u00e7\u00e3o)<\/p>\n<p><img loading=\"lazy\" decoding=\"async\" width=\"1200\" height=\"675\" data-id=\"7252254\" src=\"https:\/\/www.europesays.com\/pt\/wp-content\/uploads\/2025\/12\/Entenda-o-caso-de-Isabel-Veloso-influenciadora-gravida-com-cancer-terminal-6.jpg\" alt=\"\" class=\"wp-image-7252254\"  \/><\/p>\n<p>Jovem tem um tipo de c\u00e2ncer no sangue com origem no sistema linf\u00e1tico (Foto: Redes sociais, Reprodu\u00e7\u00e3o)<\/p>\n<p><img loading=\"lazy\" decoding=\"async\" width=\"1200\" height=\"675\" data-id=\"7252250\" src=\"https:\/\/www.europesays.com\/pt\/wp-content\/uploads\/2025\/12\/Entenda-o-caso-de-Isabel-Veloso-influenciadora-gravida-com-cancer-terminal-2.jpg\" alt=\"\" class=\"wp-image-7252250\"  \/><\/p>\n<p>Isabel \u00e9 casada desde abril do ano passado (Foto: Redes sociais, Reprodu\u00e7\u00e3o)<\/p>\n<p><img loading=\"lazy\" decoding=\"async\" width=\"1200\" height=\"675\" data-id=\"7252255\" src=\"https:\/\/www.europesays.com\/pt\/wp-content\/uploads\/2025\/12\/Entenda-o-caso-de-Isabel-Veloso-influenciadora-gravida-com-cancer-terminal-1.jpg\" alt=\"\" class=\"wp-image-7252255\"  \/><\/p>\n<p>An\u00fancio da gravidez foi publicado nas redes sociais em agosto de 2024 (Foto: Redes sociais, Reprodu\u00e7\u00e3o)<\/p>\n<p><img loading=\"lazy\" decoding=\"async\" width=\"1920\" height=\"1080\" data-id=\"7509100\" src=\"https:\/\/www.europesays.com\/pt\/wp-content\/uploads\/2025\/12\/1765511653_493_Isabel-Veloso-1.jpg\" alt=\"\" class=\"wp-image-7509100\"  \/><\/p>\n<p>Isabel, filho e marido em 2025 (Foto: Redes sociais, Reprodu\u00e7\u00e3o)<\/p>\n<p>\u201cAlma rasgada\u201d<\/p>\n<p>Em outro trecho do texto, Lucas diz que sabe que n\u00e3o deve estar sendo f\u00e1cil para Isabel, com dores f\u00edsicas e \u201cdores que ningu\u00e9m v\u00ea e batalhas que s\u00f3 voc\u00ea conhece\u201d.<\/p>\n<p>Continua depois da publicidade<\/p>\n<p>\u201cMas tamb\u00e9m sei do seu cora\u00e7\u00e3o. Sei que voc\u00ea n\u00e3o gostaria de sofrer. E por isso, com a alma rasgada, eu entrego o melhor nas m\u00e3os de Deus. N\u00e3o por desist\u00eancia, mas por amor. Porque amar tamb\u00e9m \u00e9 confiar quando j\u00e1 n\u00e3o temos for\u00e7as\u201d, afirmou.<\/p>\n<p>Ele tamb\u00e9m reiterou que Isabel mudou a vida dele, fazendo-o viver \u201co que muitos passam a vida inteira sem conhecer\u201d.<\/p>\n<p>\u201cVoc\u00ea me fez pai, me fez marido, me fez fam\u00edlia. E isso\u2026 isso ningu\u00e9m jamais poder\u00e1 tirar de n\u00f3s. Eu te amo. Hoje, sempre, e al\u00e9m\u201d, finalizou.<\/p>\n<p>Veja a postagemO que Isabel Veloso tem?<\/p>\n<p>Isabel trata um Linfoma de Hodgkin desde que tinha 15 anos. Ela precisou fazer um transplante de medula \u00f3ssea em outubro como parte do tratamento m\u00e9dico. O <a href=\"https:\/\/www.nsctotal.com.br\/noticias\/acreditando-no-milagre-pai-de-isabel-veloso-atualiza-estado-de-saude-da-influenciadora\" target=\"_blank\" rel=\"noreferrer noopener nofollow\"><strong>doador foi o pr\u00f3prio pai<\/strong><\/a>, Joelson, que tamb\u00e9m vem falando sobre o estado de sa\u00fade da filha nas redes sociais.<\/p>\n<p>Em 27 de novembro, o marido de Isabel, Lucas Borbas, usou as redes sociais para afirmar que ela\u00a0<a href=\"https:\/\/www.nsctotal.com.br\/noticias\/influenciadora-isabel-veloso-e-internada-em-uti-e-intubada-diz-marido\" target=\"_blank\" rel=\"noreferrer noopener nofollow\"><strong>precisou ser intubada<\/strong><\/a>\u00a0ap\u00f3s uma crise respirat\u00f3ria causada por excesso de magn\u00e9sio no sangue. Dias depois, foi diagnosticada com pneumonia grave, o que agravou o quadro cl\u00ednico.<\/p>\n","protected":false},"excerpt":{"rendered":"Isabel Veloso est\u00e1 h\u00e1 14 dias na UTI (Foto: Redes sociais, Reprodu\u00e7\u00e3o) Lucas Borbas, marido da influenciadora Isabel&hellip;\n","protected":false},"author":2,"featured_media":195434,"comment_status":"","ping_status":"","sticky":false,"template":"","format":"standard","meta":{"footnotes":""},"categories":[145],"tags":[211,210,829,114,115,32,33],"class_list":{"0":"post-195433","1":"post","2":"type-post","3":"status-publish","4":"format-standard","5":"has-post-thumbnail","7":"category-celebridades","8":"tag-celebridades","9":"tag-celebrities","10":"tag-conteudo-liberado","11":"tag-entertainment","12":"tag-entretenimento","13":"tag-portugal","14":"tag-pt"},"share_on_mastodon":{"url":"https:\/\/pubeurope.com\/@pt\/115749028703233961","error":""},"_links":{"self":[{"href":"https:\/\/www.europesays.com\/pt\/wp-json\/wp\/v2\/posts\/195433","targetHints":{"allow":["GET"]}}],"collection":[{"href":"https:\/\/www.europesays.com\/pt\/wp-json\/wp\/v2\/posts"}],"about":[{"href":"https:\/\/www.europesays.com\/pt\/wp-json\/wp\/v2\/types\/post"}],"author":[{"embeddable":true,"href":"https:\/\/www.europesays.com\/pt\/wp-json\/wp\/v2\/users\/2"}],"replies":[{"embeddable":true,"href":"https:\/\/www.europesays.com\/pt\/wp-json\/wp\/v2\/comments?post=195433"}],"version-history":[{"count":0,"href":"https:\/\/www.europesays.com\/pt\/wp-json\/wp\/v2\/posts\/195433\/revisions"}],"wp:featuredmedia":[{"embeddable":true,"href":"https:\/\/www.europesays.com\/pt\/wp-json\/wp\/v2\/media\/195434"}],"wp:attachment":[{"href":"https:\/\/www.europesays.com\/pt\/wp-json\/wp\/v2\/media?parent=195433"}],"wp:term":[{"taxonomy":"category","embeddable":true,"href":"https:\/\/www.europesays.com\/pt\/wp-json\/wp\/v2\/categories?post=195433"},{"taxonomy":"post_tag","embeddable":true,"href":"https:\/\/www.europesays.com\/pt\/wp-json\/wp\/v2\/tags?post=195433"}],"curies":[{"name":"wp","href":"https:\/\/api.w.org\/{rel}","templated":true}]}}