{"id":195443,"date":"2025-12-20T00:30:13","date_gmt":"2025-12-20T00:30:13","guid":{"rendered":"https:\/\/www.europesays.com\/pt\/195443\/"},"modified":"2025-12-20T00:30:13","modified_gmt":"2025-12-20T00:30:13","slug":"prisao-preventiva-para-suspeito-de-matar-idosa-em-braga","status":"publish","type":"post","link":"https:\/\/www.europesays.com\/pt\/195443\/","title":{"rendered":"Pris\u00e3o preventiva para suspeito de matar idosa em Braga"},"content":{"rendered":"<p data-remotead-prev-elm=\"true\" data-remotead-elm-id=\"inread\">Segundo a Pol\u00edcia Judici\u00e1ria de Braga, o detido tem 50 anos e, tal como a v\u00edtima, reside em Ada\u00fafe, a maior freguesia de Braga. \u00c9 o \u00fanico suspeito da autoria de crime de homic\u00eddio qualificado, cometido segunda-feira, no logradouro da moradia da v\u00edtima, <a href=\"https:\/\/www.jn.pt\/justica\/artigo\/idosa-assassinada-em-braga-apos-rumores-de-que-ganhara-a-lotaria\/18031858\" target=\"_blank\" rel=\"nofollow noopener\">depois de surgirem rumores de que teria ganho a lotaria<\/a>.<\/p>\n<p>Segundo a PJ de Braga, o cad\u00e1ver tinha ferimentos extensos na cabe\u00e7a, compat\u00edveis com golpes de objeto cortante. As les\u00f5es, reveladoras de crime de homic\u00eddio, foram confirmadas durante a aut\u00f3psia, realizada esta quinta-feira, em Braga. <\/p>\n<blockquote data-type=\"articles\" data-id=\"related-article-18031858\"><p>\n              <strong>Leia tamb\u00e9m <\/strong><br \/>\n              <a href=\"https:\/\/www.jn.pt\/justica\/artigo\/idosa-assassinada-em-braga-apos-rumores-de-que-ganhara-a-lotaria\/18031858\" rel=\"nofollow noopener\" target=\"_blank\">Idosa assassinada em Braga ap\u00f3s rumores de que ganhara a lotaria<\/a>\n            <\/p><\/blockquote>\n<p>A PJ fez dilig\u00eancias imediatas e ininterruptas, que apontaram para o suspeito, tendo sido realizada uma busca em sua casa. O homem frequentava esporadicamente a resid\u00eancia da v\u00edtima, Teresa de Jesus, de 71 anos, fazendo pequenos trabalhos ou recados.<\/p>\n<p>A ju\u00edza de instru\u00e7\u00e3o criminal de Guimar\u00e3es decretou, ao final da tarde desta sexta-feira, pris\u00e3o preventiva, na Cadeia de Braga.<\/p>\n","protected":false},"excerpt":{"rendered":"Segundo a Pol\u00edcia Judici\u00e1ria de Braga, o detido tem 50 anos e, tal como a v\u00edtima, reside em&hellip;\n","protected":false},"author":2,"featured_media":195444,"comment_status":"","ping_status":"","sticky":false,"template":"","format":"standard","meta":{"footnotes":""},"categories":[10],"tags":[27,28,15,16,14,5564,603,25,26,21,22,12,13,19,20,32,23,24,33,17,18,29,30,31],"class_list":{"0":"post-195443","1":"post","2":"type-post","3":"status-publish","4":"format-standard","5":"has-post-thumbnail","7":"category-portugal","8":"tag-breaking-news","9":"tag-breakingnews","10":"tag-featured-news","11":"tag-featurednews","12":"tag-headlines","13":"tag-homicidio","14":"tag-justica","15":"tag-latest-news","16":"tag-latestnews","17":"tag-main-news","18":"tag-mainnews","19":"tag-news","20":"tag-noticias","21":"tag-noticias-principais","22":"tag-noticiasprincipais","23":"tag-portugal","24":"tag-principais-noticias","25":"tag-principaisnoticias","26":"tag-pt","27":"tag-top-stories","28":"tag-topstories","29":"tag-ultimas","30":"tag-ultimas-noticias","31":"tag-ultimasnoticias"},"share_on_mastodon":{"url":"https:\/\/pubeurope.com\/@pt\/115749075417180044","error":""},"_links":{"self":[{"href":"https:\/\/www.europesays.com\/pt\/wp-json\/wp\/v2\/posts\/195443","targetHints":{"allow":["GET"]}}],"collection":[{"href":"https:\/\/www.europesays.com\/pt\/wp-json\/wp\/v2\/posts"}],"about":[{"href":"https:\/\/www.europesays.com\/pt\/wp-json\/wp\/v2\/types\/post"}],"author":[{"embeddable":true,"href":"https:\/\/www.europesays.com\/pt\/wp-json\/wp\/v2\/users\/2"}],"replies":[{"embeddable":true,"href":"https:\/\/www.europesays.com\/pt\/wp-json\/wp\/v2\/comments?post=195443"}],"version-history":[{"count":0,"href":"https:\/\/www.europesays.com\/pt\/wp-json\/wp\/v2\/posts\/195443\/revisions"}],"wp:featuredmedia":[{"embeddable":true,"href":"https:\/\/www.europesays.com\/pt\/wp-json\/wp\/v2\/media\/195444"}],"wp:attachment":[{"href":"https:\/\/www.europesays.com\/pt\/wp-json\/wp\/v2\/media?parent=195443"}],"wp:term":[{"taxonomy":"category","embeddable":true,"href":"https:\/\/www.europesays.com\/pt\/wp-json\/wp\/v2\/categories?post=195443"},{"taxonomy":"post_tag","embeddable":true,"href":"https:\/\/www.europesays.com\/pt\/wp-json\/wp\/v2\/tags?post=195443"}],"curies":[{"name":"wp","href":"https:\/\/api.w.org\/{rel}","templated":true}]}}