{"id":195453,"date":"2025-12-20T00:39:21","date_gmt":"2025-12-20T00:39:21","guid":{"rendered":"https:\/\/www.europesays.com\/pt\/195453\/"},"modified":"2025-12-20T00:39:21","modified_gmt":"2025-12-20T00:39:21","slug":"docente-integra-estudo-da-ufrgs-com-ia-no-cancer-bucal","status":"publish","type":"post","link":"https:\/\/www.europesays.com\/pt\/195453\/","title":{"rendered":"Docente integra estudo da UFRGS com IA no c\u00e2ncer bucal"},"content":{"rendered":"<p><strong>Pesquisa conecta intelig\u00eancia artificial, sa\u00fade p\u00fablica e forma\u00e7\u00e3o acad\u00eamica com impacto direto na preven\u00e7\u00e3o do c\u00e2ncer bucal<\/strong><\/p>\n<p>A Atitus est\u00e1 presente em uma pesquisa inovadora da Universidade Federal do Rio Grande do Sul (UFRGS), coordenada pelo professor Pantelis Varvaki Rados, que aposta no uso da intelig\u00eancia artificial para otimizar e ampliar as estrat\u00e9gias de rastreio do c\u00e2ncer de boca. A professora da Atitus e doutora pela UFRGS, Tatiana Wannmacher Lepper, integra o projeto desde o per\u00edodo de seu mestrado e doutorado. Atualmente, o estudo encontra-se na fase multic\u00eantrica e longitudinal, reunindo pesquisadores das \u00e1reas de Odontologia e Inform\u00e1tica. A pesquisa foi destaque em reportagem do <a href=\"https:\/\/g1.globo.com\/rs\/rio-grande-do-sul\/noticia\/2025\/12\/13\/pesquisadores-desenvolvem-inteligencia-artificial-para-detectar-cancer-de-boca-em-estagio-inicial-no-rs.ghtml\" rel=\"nofollow noopener\" target=\"_blank\">G1<\/a> e da Record.<\/p>\n<p>Para a coordenadora do curso de Odontologia da Unidade Porto Alegre da Atitus, Helena Carracho, a participa\u00e7\u00e3o da institui\u00e7\u00e3o em pesquisas dessa natureza refor\u00e7a o papel da forma\u00e7\u00e3o acad\u00eamica conectada \u00e0 ci\u00eancia e \u00e0s demandas reais da sociedade. \u201cA presen\u00e7a de docentes da Atitus em pesquisas de ponta, como este estudo conduzido na UFRGS, evidencia o compromisso da institui\u00e7\u00e3o com uma forma\u00e7\u00e3o que ultrapassa a sala de aula e contribui diretamente para o avan\u00e7o da sa\u00fade p\u00fablica e da ci\u00eancia no pa\u00eds.\u201d<\/p>\n<p><img decoding=\"async\" src=\"https:\/\/www.europesays.com\/pt\/wp-content\/uploads\/2025\/12\/Odontologia_2_258c650d71.jpg\" alt=\"Odontologia (2).jpg\"\/><\/p>\n<p>O foco da pesquisa \u00e9 o carcinoma espinocelular, tipo mais comum de c\u00e2ncer bucal, respons\u00e1vel por cerca de 15 mil novos casos por ano no Brasil. Dados do Instituto Nacional do C\u00e2ncer (INCA) indicam que aproximadamente 6 mil pessoas morrem anualmente em decorr\u00eancia da doen\u00e7a, sendo que mais de 60% dos diagn\u00f3sticos ocorrem em est\u00e1gios avan\u00e7ados &#8211; fator que reduz significativamente as chances de cura e piora o progn\u00f3stico.<\/p>\n<p>A proposta do estudo, segundo Tatiana, \u00e9 desenvolver um sistema multicateg\u00f3rico capaz de identificar o risco da doen\u00e7a a partir de fatores comportamentais e sociodemogr\u00e1ficos, antes mesmo do surgimento de les\u00f5es vis\u00edveis. O foco est\u00e1 no rastreamento de grupos de risco, como pessoas que fumam e consomem \u00e1lcool, fatores fortemente associados ao c\u00e2ncer bucal. \u201cO processo tem in\u00edcio com a coleta de fluidos da cavidade oral dos pacientes, que passam a ser acompanhados ao longo do tempo. Tradicionalmente, esse tipo de an\u00e1lise celular \u00e9 realizada manualmente, com especialistas observando poss\u00edveis altera\u00e7\u00f5es ao microsc\u00f3pio, um m\u00e9todo preciso, por\u00e9m demorado, oneroso e de dif\u00edcil escalabilidade\u201d, conta.<\/p>\n<p>Com o uso da nova tecnologia, a intelig\u00eancia artificial assume a leitura das imagens celulares, identificando mudan\u00e7as sutis no n\u00facleo das c\u00e9lulas, como varia\u00e7\u00f5es de forma, tamanho e colora\u00e7\u00e3o, que podem indicar predisposi\u00e7\u00e3o ao desenvolvimento do c\u00e2ncer.<\/p>\n<p>Segundo Helena, a aplica\u00e7\u00e3o da intelig\u00eancia artificial no rastreamento do c\u00e2ncer bucal representa um avan\u00e7o relevante tamb\u00e9m para a forma\u00e7\u00e3o dos futuros cirurgi\u00f5es-dentistas. \u201cAo acompanhar e participar de pesquisas que integram tecnologia, dados e cuidado em sa\u00fade, nossos estudantes ampliam a compreens\u00e3o sobre o papel da Odontologia no diagn\u00f3stico precoce e na preven\u00e7\u00e3o, desenvolvendo uma vis\u00e3o mais cr\u00edtica, cient\u00edfica e alinhada \u00e0s transforma\u00e7\u00f5es da profiss\u00e3o.\u201d<\/p>\n<p>Os pesquisadores destacam que a tecnologia n\u00e3o substitui exames cl\u00ednicos definitivos, como a bi\u00f3psia, necess\u00e1ria para o diagn\u00f3stico e estadiamento da doen\u00e7a. A proposta \u00e9 que a IA atue como um exame complementar, auxiliando na identifica\u00e7\u00e3o de riscos antes do aparecimento das les\u00f5es e apoiando os profissionais de sa\u00fade na tomada de decis\u00e3o. A ideia \u00e9 estabelecer valores de refer\u00eancia capazes de classificar pacientes com maior ou menor probabilidade de desenvolver a doen\u00e7a, permitindo interven\u00e7\u00f5es mais precoces e acompanhamento direcionado.<\/p>\n<p>Conduzida no \u00e2mbito acad\u00eamico, a pesquisa coordenada por Tatiana possui car\u00e1ter longitudinal e deve levar cerca de 10 anos para ser conclu\u00edda. Esse per\u00edodo \u00e9 necess\u00e1rio para acompanhar os pacientes ao longo do tempo e validar os padr\u00f5es inicialmente identificados nos estudos transversais realizados durante o doutorado. \u201cPrecisamos acompanhar esses pacientes por um tempo prolongado para verificar se os valores seguem o mesmo padr\u00e3o observado inicialmente ou se sofrem altera\u00e7\u00f5es. Caso isso ocorra, ser\u00e1 necess\u00e1rio ajustar os valores de refer\u00eancia e otimizar os sistemas para que funcionem adequadamente\u201d, explica a pesquisadora.<\/p>\n<p>A expectativa \u00e9 que, ap\u00f3s validada, a tecnologia possa ser incorporada \u00e0 rede p\u00fablica de sa\u00fade, ampliando o acesso ao diagn\u00f3stico precoce do c\u00e2ncer bucal e contribuindo para a redu\u00e7\u00e3o da mortalidade associada \u00e0 doen\u00e7a. A participa\u00e7\u00e3o da professora da Atitus no projeto, em conjunto com alunos da gradua\u00e7\u00e3o em Odontologia da Atitus, por meio da Inicia\u00e7\u00e3o Cient\u00edfica, refor\u00e7a o compromisso institucional com a produ\u00e7\u00e3o cient\u00edfica, a inova\u00e7\u00e3o e a integra\u00e7\u00e3o entre ensino, pesquisa e impacto social.<\/p>\n","protected":false},"excerpt":{"rendered":"Pesquisa conecta intelig\u00eancia artificial, sa\u00fade p\u00fablica e forma\u00e7\u00e3o acad\u00eamica com impacto direto na preven\u00e7\u00e3o do c\u00e2ncer bucal A&hellip;\n","protected":false},"author":2,"featured_media":195454,"comment_status":"","ping_status":"","sticky":false,"template":"","format":"standard","meta":{"footnotes":""},"categories":[86],"tags":[1776,116,414,32,33,117,473],"class_list":{"0":"post-195453","1":"post","2":"type-post","3":"status-publish","4":"format-standard","5":"has-post-thumbnail","7":"category-saude","8":"tag-cancer","9":"tag-health","10":"tag-ia","11":"tag-portugal","12":"tag-pt","13":"tag-saude","14":"tag-ufrgs"},"share_on_mastodon":{"url":"","error":""},"_links":{"self":[{"href":"https:\/\/www.europesays.com\/pt\/wp-json\/wp\/v2\/posts\/195453","targetHints":{"allow":["GET"]}}],"collection":[{"href":"https:\/\/www.europesays.com\/pt\/wp-json\/wp\/v2\/posts"}],"about":[{"href":"https:\/\/www.europesays.com\/pt\/wp-json\/wp\/v2\/types\/post"}],"author":[{"embeddable":true,"href":"https:\/\/www.europesays.com\/pt\/wp-json\/wp\/v2\/users\/2"}],"replies":[{"embeddable":true,"href":"https:\/\/www.europesays.com\/pt\/wp-json\/wp\/v2\/comments?post=195453"}],"version-history":[{"count":0,"href":"https:\/\/www.europesays.com\/pt\/wp-json\/wp\/v2\/posts\/195453\/revisions"}],"wp:featuredmedia":[{"embeddable":true,"href":"https:\/\/www.europesays.com\/pt\/wp-json\/wp\/v2\/media\/195454"}],"wp:attachment":[{"href":"https:\/\/www.europesays.com\/pt\/wp-json\/wp\/v2\/media?parent=195453"}],"wp:term":[{"taxonomy":"category","embeddable":true,"href":"https:\/\/www.europesays.com\/pt\/wp-json\/wp\/v2\/categories?post=195453"},{"taxonomy":"post_tag","embeddable":true,"href":"https:\/\/www.europesays.com\/pt\/wp-json\/wp\/v2\/tags?post=195453"}],"curies":[{"name":"wp","href":"https:\/\/api.w.org\/{rel}","templated":true}]}}