{"id":195457,"date":"2025-12-20T00:45:15","date_gmt":"2025-12-20T00:45:15","guid":{"rendered":"https:\/\/www.europesays.com\/pt\/195457\/"},"modified":"2025-12-20T00:45:15","modified_gmt":"2025-12-20T00:45:15","slug":"marcelo-devolve-lei-da-nacionalidade-ao-parlamento","status":"publish","type":"post","link":"https:\/\/www.europesays.com\/pt\/195457\/","title":{"rendered":"Marcelo devolve Lei da Nacionalidade ao Parlamento"},"content":{"rendered":"<p>O Presidente Marcelo Rebelo de Sousa devolveu ao Parlamento esta sexta-feira, 19 de dezembro, o projeto da Lei da Nacionalidade. <strong>O procedimento \u00e9 obrigat\u00f3rio quando uma legisla\u00e7\u00e3o \u00e9 chumbada pelo Tribunal Constitucional (TC).<\/strong> <\/p>\n<p>\u201c[s]e o Tribunal Constitucional se pronunciar pela inconstitucionalidade de norma constante de qualquer decreto ou acordo internacional, dever\u00e1 o diploma ser vetado pelo Presidente da Rep\u00fablica ou pelo Representante da Rep\u00fablica, conforme os casos, e devolvido ao \u00f3rg\u00e3o que o tiver aprovado\u201d, consta na nota publicada no site da presid\u00eancia. <strong>Este mesmo trecho foi enviado em carta por Marcelo ao presidente da Assembleia da Rep\u00fablica.<\/strong><\/p>\n<p>Agora, <strong>o Governo vai ajustar os pontos da lei chumbados pelo TC para nova vota\u00e7\u00e3o<\/strong>. A tramita\u00e7\u00e3o vai ocorrer ap\u00f3s o recesso das festas de fim de ano. O executivo espera que o caminho seja semelhante ao da Lei dos Estrangeiros, tamb\u00e9m chumbada pelos ju\u00edzes do Palacio Ratton. A lei foi devolvida e, em poucas semanas, foi aprovada e promulgada por Marcelo.<\/p>\n<p>O <strong>que ainda n\u00e3o est\u00e1 definido neste caso \u00e9 se a nova lei contar\u00e1 com votos do Partido Socialista (PS)<\/strong>, <strong><a aria-label=\"content\" target=\"_blank\" href=\"https:\/\/www.dn.pt\/sociedade\/requerimentos-do-ps-para-anlise-da-lei-da-nacional-j-esto-no-tribunal-constitucional\" rel=\"nofollow noopener\">que remeteu o pedido de fiscaliza\u00e7\u00e3o ao TC<\/a>,<\/strong> ou o Chega, que foi determinante na primeira vers\u00e3o do texto aprovado.<\/p>\n<p>O Governo n\u00e3o v\u00ea com preocupa\u00e7\u00e3o o chumbo, por considerar que &#8220;os pontos essenciais&#8221; foram mantidos. \u201c\u00c9, portanto, com tranquilidade que observamos esta decis\u00e3o. Consideramos que o TC viabilizou quest\u00f5es essenciais e estruturais,\u00a0<strong>como a contagem de prazos e a diferencia\u00e7\u00e3o entre cidad\u00e3os europeus e da CPLP em rela\u00e7\u00e3o a cidad\u00e3os de Estados terceiros<\/strong>\u201d, frisou. S\u00e3o precisamente estas \u201cquest\u00f5es essenciais e estruturais\u201d que t\u00eam o objetivo de diminuir o n\u00famero de estrangeiros com direito \u00e0 nacionalidade.<\/p>\n<p>Entre os pontos considerados essenciais pelo Governo\u00a0<strong>est\u00e1 o aumento do tempo de moradia com t\u00edtulo de resid\u00eancia para solicita\u00e7\u00e3o do pedido e a exclus\u00e3o na lei do artigo que permite contabilizar o tempo de espera pela autoriza\u00e7\u00e3o de resid\u00eancia<\/strong>. Estes dois pontos, que constam da legisla\u00e7\u00e3o ainda em vigor, resultam no aumento do n\u00famero de pedidos, que atualmente\u00a0<strong><a aria-label=\"content\" target=\"_blank\" href=\"https:\/\/www.dn.pt\/sociedade\/sindicato-do-irn-concorda-com-restri%C3%A7%C3%B5es-para-aceder-%C3%A0-nacionalidade-e-mais-mudan%C3%A7as-na-lei\" rel=\"nofollow noopener\">ultrapassam os 700 mil<\/a><\/strong>.<\/p>\n<p>Em declara\u00e7\u00f5es no balan\u00e7o da Estrutura de Miss\u00e3o esta semana, Ant\u00f3nio Leit\u00e3o Amaro, ministro da Presid\u00eancia, falou sobre estes &#8220;pontos essenciais&#8221;. Uma das principais mudan\u00e7as na lei, analisada e n\u00e3o chumbada pelo TC, <strong>foi a de n\u00e3o contabilizar o tempo de espera pelo cart\u00e3o para o per\u00edodo de moradia necess\u00e1rio para o pedido.<\/strong> <\/p>\n<p>&#8220;Estes s\u00e3o ilegais&#8221;, disse o ministro. No entanto, o que a lei prev\u00ea, \u00e9 a contabiliza\u00e7\u00e3o do tempo de espera pelo documento ap\u00f3s a autoriza\u00e7\u00e3o da manifesta\u00e7\u00e3o de interesse. <strong>O que aconteceu nos \u00faltimos anos \u00e9 que per\u00edodo pode levar at\u00e9 tr\u00eas anos, tempo em que o imigrante est\u00e1 a trabalhar, a fazer descontos e a viver no pa\u00eds.<\/strong> <\/p>\n<p>amanda.lima@dn.pt<\/p>\n","protected":false},"excerpt":{"rendered":"O Presidente Marcelo Rebelo de Sousa devolveu ao Parlamento esta sexta-feira, 19 de dezembro, o projeto da Lei&hellip;\n","protected":false},"author":2,"featured_media":195458,"comment_status":"","ping_status":"","sticky":false,"template":"","format":"standard","meta":{"footnotes":""},"categories":[8],"tags":[27,28,15,16,14,25,26,1765,21,22,15581,12,13,19,20,4532,32,3281,23,24,33,17,18,298,29,30,31],"class_list":{"0":"post-195457","1":"post","2":"type-post","3":"status-publish","4":"format-standard","5":"has-post-thumbnail","7":"category-principais-noticias","8":"tag-breaking-news","9":"tag-breakingnews","10":"tag-featured-news","11":"tag-featurednews","12":"tag-headlines","13":"tag-latest-news","14":"tag-latestnews","15":"tag-lei-da-nacionalidade","16":"tag-main-news","17":"tag-mainnews","18":"tag-nacionalidade-portuguesa","19":"tag-news","20":"tag-noticias","21":"tag-noticias-principais","22":"tag-noticiasprincipais","23":"tag-parlamento","24":"tag-portugal","25":"tag-presidente","26":"tag-principais-noticias","27":"tag-principaisnoticias","28":"tag-pt","29":"tag-top-stories","30":"tag-topstories","31":"tag-tribunal-constitucional","32":"tag-ultimas","33":"tag-ultimas-noticias","34":"tag-ultimasnoticias"},"share_on_mastodon":{"url":"https:\/\/pubeurope.com\/@pt\/115749134301931857","error":""},"_links":{"self":[{"href":"https:\/\/www.europesays.com\/pt\/wp-json\/wp\/v2\/posts\/195457","targetHints":{"allow":["GET"]}}],"collection":[{"href":"https:\/\/www.europesays.com\/pt\/wp-json\/wp\/v2\/posts"}],"about":[{"href":"https:\/\/www.europesays.com\/pt\/wp-json\/wp\/v2\/types\/post"}],"author":[{"embeddable":true,"href":"https:\/\/www.europesays.com\/pt\/wp-json\/wp\/v2\/users\/2"}],"replies":[{"embeddable":true,"href":"https:\/\/www.europesays.com\/pt\/wp-json\/wp\/v2\/comments?post=195457"}],"version-history":[{"count":0,"href":"https:\/\/www.europesays.com\/pt\/wp-json\/wp\/v2\/posts\/195457\/revisions"}],"wp:featuredmedia":[{"embeddable":true,"href":"https:\/\/www.europesays.com\/pt\/wp-json\/wp\/v2\/media\/195458"}],"wp:attachment":[{"href":"https:\/\/www.europesays.com\/pt\/wp-json\/wp\/v2\/media?parent=195457"}],"wp:term":[{"taxonomy":"category","embeddable":true,"href":"https:\/\/www.europesays.com\/pt\/wp-json\/wp\/v2\/categories?post=195457"},{"taxonomy":"post_tag","embeddable":true,"href":"https:\/\/www.europesays.com\/pt\/wp-json\/wp\/v2\/tags?post=195457"}],"curies":[{"name":"wp","href":"https:\/\/api.w.org\/{rel}","templated":true}]}}