{"id":195460,"date":"2025-12-20T00:49:14","date_gmt":"2025-12-20T00:49:14","guid":{"rendered":"https:\/\/www.europesays.com\/pt\/195460\/"},"modified":"2025-12-20T00:49:14","modified_gmt":"2025-12-20T00:49:14","slug":"cristina-ferreira-em-choque-com-acidente-fatal-isto-faz-me-muita-confusao-secret-story","status":"publish","type":"post","link":"https:\/\/www.europesays.com\/pt\/195460\/","title":{"rendered":"Cristina Ferreira em choque com acidente fatal: \u00abIsto faz-me muita confus\u00e3o\u00bb &#8211; Secret Story"},"content":{"rendered":"<p data-end=\"385\" data-start=\"133\">O caso que est\u00e1 a chocar o pa\u00eds foi comentado no programa <strong data-end=\"207\" data-start=\"191\">\u2018Dois \u00e0s 10\u2019<\/strong>, da TVI, na emiss\u00e3o desta quarta-feira, <strong data-end=\"266\" data-start=\"248\">17 de dezembro<\/strong>. Em causa est\u00e1 um atropelamento que vitimou mortalmente um beb\u00e9 de apenas <strong data-end=\"355\" data-start=\"341\">dois meses<\/strong>, que seguia com a m\u00e3e na rua.<\/p>\n<p data-end=\"770\" data-start=\"387\">Em direto,\u00a0<a href=\"https:\/\/tvi.iol.pt\/secretstory\/videos\/quer-ganhar-e-esta-na-hora-de-o-deitar-abaixo-e-isso-cristina-ferreira-confronta-marisa-sobre-leandro\/694480560cf28fe430488a07\" rel=\"nofollow noopener\" target=\"_blank\"><strong data-end=\"482\" data-start=\"461\">Cristina Ferreira<\/strong><\/a> n\u00e3o escondeu o seu inc\u00f3modo e emo\u00e7\u00e3o perante a trag\u00e9dia, lamentando profundamente o sucedido. <strong>\u00abIsto faz-me muita confus\u00e3o. Primeiro, faz-nos confus\u00e3o que morra uma crian\u00e7a de dois meses e depois, porque eu acho sempre que isto nos pode acontecer a qualquer um de n\u00f3s\u00bb<\/strong>, come\u00e7ou por dizer.<\/p>\n<p data-end=\"1355\" data-start=\"772\">A apresentadora destacou ainda a rea\u00e7\u00e3o do homem envolvido no atropelamento, que, segundo foi referido, se isolou inicialmente \u00absem rea\u00e7\u00e3o\u00bb e s\u00f3 mais tarde regressou ao local do acidente. Cristina Ferreira mostrou empatia por todas as partes envolvidas, sublinhando a complexidade da situa\u00e7\u00e3o.<\/p>\n<p data-end=\"1355\" data-start=\"772\">\u00abFalou-se que n\u00e3o havia excesso de velocidade, portanto devia estar numa condu\u00e7\u00e3o normal. E isto pode-nos acontecer, de n\u00e3o vermos, de olharmos para o lado, o que quer que seja, mas agora este homem tem nas costas este peso. A m\u00e3e que perdeu a crian\u00e7a e este homem que atropelou\u00bb, afirmou.<\/p>\n<p data-end=\"1861\" data-start=\"1357\">Mais \u00e0 frente, a comunicadora recordou tamb\u00e9m alguns dos sustos que j\u00e1 viveu na estrada ao longo dos anos, refor\u00e7ando a ideia de que situa\u00e7\u00f5es inesperadas podem acontecer mesmo a condutores prudentes: \u00abEu j\u00e1 tive muitos sustos na estrada com pessoas que, sem n\u00f3s pensarmos, se atravessam. De noite ent\u00e3o, hoje em dia, j\u00e1 n\u00e3o se v\u00ea quase nada das pessoas e portanto, eu ponho-me sempre no lugar\u2026 Se isto um dia me acontece a mim, eu sei que sou uma condutora prudente e isto pode-me acontecer\u00bb, confessou.<\/p>\n<p data-end=\"2094\" data-start=\"1863\">As palavras de Cristina Ferreira refletiram o sentimento de choque e incredulidade perante uma trag\u00e9dia que continua a comover o pa\u00eds, levantando uma reflex\u00e3o profunda sobre a fragilidade da vida e os perigos constantes na estrada.<\/p>\n<p data-end=\"2094\" data-start=\"1863\"><strong>Veja o v\u00eddeo acima.<\/strong><\/p>\n","protected":false},"excerpt":{"rendered":"O caso que est\u00e1 a chocar o pa\u00eds foi comentado no programa \u2018Dois \u00e0s 10\u2019, da TVI, na&hellip;\n","protected":false},"author":2,"featured_media":195461,"comment_status":"","ping_status":"","sticky":false,"template":"","format":"standard","meta":{"footnotes":""},"categories":[142],"tags":[18706,166,114,115,18705,32,33,151,18704],"class_list":{"0":"post-195460","1":"post","2":"type-post","3":"status-publish","4":"format-standard","5":"has-post-thumbnail","7":"category-tv","8":"tag-bastidores-secret-story","9":"tag-cristina-ferreira","10":"tag-entertainment","11":"tag-entretenimento","12":"tag-entrevistas-concorrentes-tvi","13":"tag-portugal","14":"tag-pt","15":"tag-tv","16":"tag-vida-fora-da-casa"},"share_on_mastodon":{"url":"https:\/\/pubeurope.com\/@pt\/115749149923007334","error":""},"_links":{"self":[{"href":"https:\/\/www.europesays.com\/pt\/wp-json\/wp\/v2\/posts\/195460","targetHints":{"allow":["GET"]}}],"collection":[{"href":"https:\/\/www.europesays.com\/pt\/wp-json\/wp\/v2\/posts"}],"about":[{"href":"https:\/\/www.europesays.com\/pt\/wp-json\/wp\/v2\/types\/post"}],"author":[{"embeddable":true,"href":"https:\/\/www.europesays.com\/pt\/wp-json\/wp\/v2\/users\/2"}],"replies":[{"embeddable":true,"href":"https:\/\/www.europesays.com\/pt\/wp-json\/wp\/v2\/comments?post=195460"}],"version-history":[{"count":0,"href":"https:\/\/www.europesays.com\/pt\/wp-json\/wp\/v2\/posts\/195460\/revisions"}],"wp:featuredmedia":[{"embeddable":true,"href":"https:\/\/www.europesays.com\/pt\/wp-json\/wp\/v2\/media\/195461"}],"wp:attachment":[{"href":"https:\/\/www.europesays.com\/pt\/wp-json\/wp\/v2\/media?parent=195460"}],"wp:term":[{"taxonomy":"category","embeddable":true,"href":"https:\/\/www.europesays.com\/pt\/wp-json\/wp\/v2\/categories?post=195460"},{"taxonomy":"post_tag","embeddable":true,"href":"https:\/\/www.europesays.com\/pt\/wp-json\/wp\/v2\/tags?post=195460"}],"curies":[{"name":"wp","href":"https:\/\/api.w.org\/{rel}","templated":true}]}}