{"id":195466,"date":"2025-12-20T00:53:19","date_gmt":"2025-12-20T00:53:19","guid":{"rendered":"https:\/\/www.europesays.com\/pt\/195466\/"},"modified":"2025-12-20T00:53:19","modified_gmt":"2025-12-20T00:53:19","slug":"seu-peso-nao-diminui-veja-os-4-erros-comuns-que-sabotam-o-emagrecimento-geral","status":"publish","type":"post","link":"https:\/\/www.europesays.com\/pt\/195466\/","title":{"rendered":"Seu peso n\u00e3o diminui? Veja os 4 erros comuns que sabotam o emagrecimento &#8211; Geral"},"content":{"rendered":"<p>Especialista explica como corrigir falhas comuns que levam \u00e0 estagna\u00e7\u00e3o do processo de perda de peso<\/p>\n<p>                    <img decoding=\"async\" style=\"--img-width: 1200px; --img-height: 800px;\" width=\"1200\" height=\"800\" data-fslightbox-src=\"https:\/\/cdn.diariodigital.com.br\/uploads\/noticias2\/2025\/12\/15\/2025-12-15-17-15-14.jpg\" onload=\"javascript: !this.dataset.loadedb64 ? (this.dataset.loadedb64 = 1) : (this.dataset.loadedremote = 1)\" class=\"fslightbox\" loading=\"lazy\" data-lazyload=\"\" src=\"https:\/\/www.europesays.com\/pt\/wp-content\/uploads\/2025\/12\/qnm7i8p7vn5l.jpg\" alt=\"Seu peso n\u00e3o diminui? Veja os 4 erros comuns que sabotam o emagrecimento\"\/>A especialista aponta os quatro erros mais comuns que podem impedir a perda cont\u00ednua de peso e oferece solu\u00e7\u00f5es para corrigir cada um deles. (Foto: Divulga\u00e7\u00e3o)<\/p>\n<p>A dificuldade de continuar perdendo peso ap\u00f3s um in\u00edcio promissor \u00e9 uma realidade para muitos brasileiros. Dados do Sistema de Vigil\u00e2ncia Alimentar e Nutricional (SISVAN) apontam que, em 2024, 34,66% dos brasileiros apresentaram algum n\u00edvel de obesidade, o que destaca a necessidade de acompanhamento adequado para cada caso. Para muitos, a balan\u00e7a parece n\u00e3o responder mais, mesmo com esfor\u00e7os cont\u00ednuos e mudan\u00e7as no estilo de vida.<\/p>\n<p>De acordo com Fernanda Lopes, nutricionista da Six Cl\u00ednic, uma plataforma 100% online especializada no cuidado com obesidade e sobrepeso, essa estagna\u00e7\u00e3o \u00e9 mais comum do que se imagina e est\u00e1 frequentemente ligada a h\u00e1bitos di\u00e1rios que passam despercebidos. \u201cQuando o corpo percebe uma redu\u00e7\u00e3o constante de peso, ele diminui o gasto energ\u00e9tico como mecanismo de prote\u00e7\u00e3o. Por\u00e9m, al\u00e9m desse ajuste natural, h\u00e1 comportamentos autom\u00e1ticos que sabotam os resultados\u201d, explica.<\/p>\n<p>A especialista aponta os quatro erros mais comuns que podem impedir a perda cont\u00ednua de peso e oferece solu\u00e7\u00f5es para corrigir cada um deles:<\/p>\n<p><strong>1. N\u00e3o adaptar a rotina ao novo consumo energ\u00e9tico<\/strong><\/p>\n<p>\u00c0 medida que o indiv\u00edduo perde peso, o organismo passa a operar com menos calorias. \u201cSe uma pessoa elimina 5, 10 ou at\u00e9 15 quilos, o metabolismo naturalmente passa a precisar de menos energia. Se o estilo de vida n\u00e3o \u00e9 ajustado, o d\u00e9ficit energ\u00e9tico diminui e o peso se estabiliza\u201d, afirma Fernanda. Para evitar esse efeito, ela sugere ajustes simples, como variar a intensidade dos exerc\u00edcios di\u00e1rios, revisar a combina\u00e7\u00e3o de alimentos e aumentar o consumo de prote\u00ednas. Essas mudan\u00e7as reativam o metabolismo e geram novos est\u00edmulos.<\/p>\n<p><strong>2. Desconsiderar o impacto do estresse e do sono irregular<\/strong><\/p>\n<p>Embora a alimenta\u00e7\u00e3o seja um fator fundamental, o estresse e a falta de sono podem comprometer a perda de peso. \u201cA priva\u00e7\u00e3o de sono eleva os n\u00edveis de cortisol, o que desregula os horm\u00f4nios da fome e da saciedade, al\u00e9m de favorecer a reten\u00e7\u00e3o de l\u00edquidos. O estresse prolongado tem efeitos semelhantes, deixando o corpo em constante alerta e dificultando a queima de gordura\u201d, explica. Estrat\u00e9gias como estabelecer hor\u00e1rios regulares para dormir, reduzir a exposi\u00e7\u00e3o a telas antes do descanso e praticar respira\u00e7\u00e3o consciente ao longo do dia podem ser eficazes para controlar esses fatores.<\/p>\n<p><strong>3. Confundir fome emocional com necessidade real do organismo<\/strong><\/p>\n<p>Muitas pessoas acabam comendo mais do que o necess\u00e1rio devido \u00e0 fome emocional, um impulso frequentemente relacionado ao estado emocional. \u201cA fome emocional surge de forma repentina, acompanhada de desejo por alimentos cal\u00f3ricos e reconfortantes, e n\u00e3o melhora com a ingest\u00e3o. J\u00e1 a fome f\u00edsica aparece gradualmente, permitindo escolhas mais equilibradas e ligadas \u00e0s reais necessidades do corpo\u201d, destaca a nutricionista. Ignorar esses sinais pode levar ao consumo excessivo de alimentos para lidar com emo\u00e7\u00f5es como ansiedade, tristeza ou t\u00e9dio, dificultando o emagrecimento.<\/p>\n<p><strong>4. Tentar conduzir o processo sozinho, sem ajustes estrat\u00e9gicos<\/strong><\/p>\n<p>Nos primeiros est\u00e1gios da perda de peso, os resultados s\u00e3o vis\u00edveis e r\u00e1pidos. Por\u00e9m, ao atingir o famoso \u201cplat\u00f4\u201d, as pessoas costumam repetir os mesmos comportamentos, esperando que o peso continue a diminuir. \u201cO acompanhamento profissional \u00e9 crucial nesse momento, pois o especialista consegue identificar padr\u00f5es invis\u00edveis, corrigir detalhes e orientar mudan\u00e7as espec\u00edficas que ajudam a destravar o metabolismo\u201d, afirma Fernanda Lopes.<\/p>\n<p>Ela ressalta que o acompanhamento remoto, como o oferecido pela Six Cl\u00ednic, tem tornado o processo mais acess\u00edvel e eficaz. \u201cCom a supervis\u00e3o online, os pacientes t\u00eam contato di\u00e1rio com nutricionistas, apoio m\u00e9dico e estrat\u00e9gias personalizadas, tudo sem sair de casa. Esse suporte cont\u00ednuo \u00e9 fundamental para superar o plat\u00f4 e garantir que os resultados sejam sustent\u00e1veis\u201d, conclui.<\/p>\n<p>\u00a0<\/p>\n","protected":false},"excerpt":{"rendered":"Especialista explica como corrigir falhas comuns que levam \u00e0 estagna\u00e7\u00e3o do processo de perda de peso A especialista&hellip;\n","protected":false},"author":2,"featured_media":195467,"comment_status":"","ping_status":"","sticky":false,"template":"","format":"standard","meta":{"footnotes":""},"categories":[86],"tags":[26969,4212,4944,10599,913,116,3571,20625,32,33,527,117],"class_list":{"0":"post-195466","1":"post","2":"type-post","3":"status-publish","4":"format-standard","5":"has-post-thumbnail","7":"category-saude","8":"tag-acompanhamento","9":"tag-consumo","10":"tag-emocional","11":"tag-fernanda","12":"tag-fome","13":"tag-health","14":"tag-peso","15":"tag-podem","16":"tag-portugal","17":"tag-pt","18":"tag-resultados","19":"tag-saude"},"share_on_mastodon":{"url":"https:\/\/pubeurope.com\/@pt\/115749165859143185","error":""},"_links":{"self":[{"href":"https:\/\/www.europesays.com\/pt\/wp-json\/wp\/v2\/posts\/195466","targetHints":{"allow":["GET"]}}],"collection":[{"href":"https:\/\/www.europesays.com\/pt\/wp-json\/wp\/v2\/posts"}],"about":[{"href":"https:\/\/www.europesays.com\/pt\/wp-json\/wp\/v2\/types\/post"}],"author":[{"embeddable":true,"href":"https:\/\/www.europesays.com\/pt\/wp-json\/wp\/v2\/users\/2"}],"replies":[{"embeddable":true,"href":"https:\/\/www.europesays.com\/pt\/wp-json\/wp\/v2\/comments?post=195466"}],"version-history":[{"count":0,"href":"https:\/\/www.europesays.com\/pt\/wp-json\/wp\/v2\/posts\/195466\/revisions"}],"wp:featuredmedia":[{"embeddable":true,"href":"https:\/\/www.europesays.com\/pt\/wp-json\/wp\/v2\/media\/195467"}],"wp:attachment":[{"href":"https:\/\/www.europesays.com\/pt\/wp-json\/wp\/v2\/media?parent=195466"}],"wp:term":[{"taxonomy":"category","embeddable":true,"href":"https:\/\/www.europesays.com\/pt\/wp-json\/wp\/v2\/categories?post=195466"},{"taxonomy":"post_tag","embeddable":true,"href":"https:\/\/www.europesays.com\/pt\/wp-json\/wp\/v2\/tags?post=195466"}],"curies":[{"name":"wp","href":"https:\/\/api.w.org\/{rel}","templated":true}]}}