{"id":195468,"date":"2025-12-20T00:58:17","date_gmt":"2025-12-20T00:58:17","guid":{"rendered":"https:\/\/www.europesays.com\/pt\/195468\/"},"modified":"2025-12-20T00:58:17","modified_gmt":"2025-12-20T00:58:17","slug":"pedro-duarte-cre-que-ccdr-n-ficara-muito-bem-entregue-a-alvaro-santos","status":"publish","type":"post","link":"https:\/\/www.europesays.com\/pt\/195468\/","title":{"rendered":"Pedro Duarte cr\u00ea que CCDR-N ficar\u00e1 &#8220;muito bem entregue&#8221; a \u00c1lvaro Santos"},"content":{"rendered":"<p data-remotead-prev-elm=\"true\" data-remotead-elm-id=\"inread\">Apesar de ressalvar que a C\u00e2mara do Porto ainda n\u00e3o tem uma posi\u00e7\u00e3o formal sobre o candidato que vai apoiar para a lideran\u00e7a da CCDR-N, Pedro Duarte n\u00e3o escondeu ter uma &#8220;grande admira\u00e7\u00e3o&#8221; por \u00c1lvaro Santos, que \u00e9 o nome apoiado pelo PSD para tentar suceder a Ant\u00f3nio Cunha, que preside \u00e0quele organismo desde 2020 e tenciona voltar a candidatar-se, conforme o JN avan\u00e7ou na edi\u00e7\u00e3o desta sexta-feira.<\/p>\n<p>&#8220;\u00c9 uma personalidade que tem uma grande experi\u00eancia pol\u00edtica e que tem as condi\u00e7\u00f5es t\u00e9cnicas tamb\u00e9m para exercer bem a fun\u00e7\u00e3o. Ali\u00e1s, \u00e9 quadro da CCDR-N de origem profissional mas tem tamb\u00e9m uma grande experi\u00eancia aut\u00e1rquica, a mais recente numa C\u00e2mara Municipal que \u00e9 amiga e vizinha da C\u00e2mara do Porto como \u00e9 a de Vila Nova de Gaia&#8221;, vincou Pedro Duarte, \u00e0 margem de uma visita \u00e0s obras de requalifica\u00e7\u00e3o do espa\u00e7o exterior do Bairro do Bom Pastor, em Paranhos.<\/p>\n<p>Da\u00ed que, o autarca portuense n\u00e3o tenha tido d\u00favidas em afirmar : &#8220;Portanto, acho que a CCDR-N ficar\u00e1 certamente muito bem entregue&#8221;.<\/p>\n<p>Pedro Duarte, que tamb\u00e9m \u00e9 o l\u00edder do PSD\/PSD, adiantou ainda que, sendo \u00c1lvaro Santos o nome apoiado pelo partido, &#8220;isso ser\u00e1 seguido pela Distrital do Porto&#8221;.<\/p>\n","protected":false},"excerpt":{"rendered":"Apesar de ressalvar que a C\u00e2mara do Porto ainda n\u00e3o tem uma posi\u00e7\u00e3o formal sobre o candidato que&hellip;\n","protected":false},"author":2,"featured_media":195469,"comment_status":"","ping_status":"","sticky":false,"template":"","format":"standard","meta":{"footnotes":""},"categories":[10],"tags":[27,28,38935,15,16,14,25,26,21,22,619,12,13,19,20,18043,32,23,24,33,17,18,29,30,31],"class_list":{"0":"post-195468","1":"post","2":"type-post","3":"status-publish","4":"format-standard","5":"has-post-thumbnail","7":"category-portugal","8":"tag-breaking-news","9":"tag-breakingnews","10":"tag-ccdr-n","11":"tag-featured-news","12":"tag-featurednews","13":"tag-headlines","14":"tag-latest-news","15":"tag-latestnews","16":"tag-main-news","17":"tag-mainnews","18":"tag-nacional","19":"tag-news","20":"tag-noticias","21":"tag-noticias-principais","22":"tag-noticiasprincipais","23":"tag-pedro-duarte","24":"tag-portugal","25":"tag-principais-noticias","26":"tag-principaisnoticias","27":"tag-pt","28":"tag-top-stories","29":"tag-topstories","30":"tag-ultimas","31":"tag-ultimas-noticias","32":"tag-ultimasnoticias"},"share_on_mastodon":{"url":"https:\/\/pubeurope.com\/@pt\/115749185475557506","error":""},"_links":{"self":[{"href":"https:\/\/www.europesays.com\/pt\/wp-json\/wp\/v2\/posts\/195468","targetHints":{"allow":["GET"]}}],"collection":[{"href":"https:\/\/www.europesays.com\/pt\/wp-json\/wp\/v2\/posts"}],"about":[{"href":"https:\/\/www.europesays.com\/pt\/wp-json\/wp\/v2\/types\/post"}],"author":[{"embeddable":true,"href":"https:\/\/www.europesays.com\/pt\/wp-json\/wp\/v2\/users\/2"}],"replies":[{"embeddable":true,"href":"https:\/\/www.europesays.com\/pt\/wp-json\/wp\/v2\/comments?post=195468"}],"version-history":[{"count":0,"href":"https:\/\/www.europesays.com\/pt\/wp-json\/wp\/v2\/posts\/195468\/revisions"}],"wp:featuredmedia":[{"embeddable":true,"href":"https:\/\/www.europesays.com\/pt\/wp-json\/wp\/v2\/media\/195469"}],"wp:attachment":[{"href":"https:\/\/www.europesays.com\/pt\/wp-json\/wp\/v2\/media?parent=195468"}],"wp:term":[{"taxonomy":"category","embeddable":true,"href":"https:\/\/www.europesays.com\/pt\/wp-json\/wp\/v2\/categories?post=195468"},{"taxonomy":"post_tag","embeddable":true,"href":"https:\/\/www.europesays.com\/pt\/wp-json\/wp\/v2\/tags?post=195468"}],"curies":[{"name":"wp","href":"https:\/\/api.w.org\/{rel}","templated":true}]}}