{"id":195472,"date":"2025-12-20T01:00:18","date_gmt":"2025-12-20T01:00:18","guid":{"rendered":"https:\/\/www.europesays.com\/pt\/195472\/"},"modified":"2025-12-20T01:00:18","modified_gmt":"2025-12-20T01:00:18","slug":"estao-tao-crescidos-em-imagem-rara-principe-harry-e-meghan-markle-posam-com-os-filhos","status":"publish","type":"post","link":"https:\/\/www.europesays.com\/pt\/195472\/","title":{"rendered":"Est\u00e3o t\u00e3o crescidos! Em imagem rara, pr\u00edncipe Harry e Meghan Markle posam com os filhos"},"content":{"rendered":"<p>Meghan Markle publicou, esta sexta-feira, dia 19, no Instagram, um postal de Natal com uma rara fotografia em que surgem os filhos que tem em comum com o <a href=\"https:\/\/selfie.iol.pt\/famosos\/principe-harry\/principe-harry-regressa-ao-reino-unido-saiba-porque\/20250828\/68b066e7d34e3f0baea216e5\" target=\"_blank\" rel=\"nofollow noopener\">pr\u00edncipe Harry<\/a>.<\/p>\n<p>&#8220;Boas festas! Da nossa fam\u00edlia para as vossas&#8221;, pode ler-se, na legenda da imagem.<\/p>\n<p>No registo,\u00a0o pr\u00edncipe Archie, de seis anos, e a princesa Lilibet, de quatro, aparecem de forma estrat\u00e9gica para que os respetivos rostos n\u00e3o sejam percet\u00edveis. O pr\u00edncipe Harry surge com as m\u00e3os no rosto do filho, enquanto <a href=\"https:\/\/selfie.iol.pt\/famosos\/meghan-markle\/meghan-markle-ensina-a-fazer-o-esparguete-perfeito\/20250822\/68a85e11d34ef72ee449b1e7\" target=\"_blank\" rel=\"nofollow noopener\">Meghan Markle<\/a> est\u00e1 com a cara a tocar na da filha, cujo cabelo lhe tapa a face.<\/p>\n<p style=\"text-align:center\"><img loading=\"lazy\" decoding=\"async\" alt=\"\" height=\"434\" src=\"https:\/\/www.europesays.com\/pt\/wp-content\/uploads\/2025\/12\/6945739bd34e2bd5c6d5539e.webp\" width=\"500\"\/><\/p>\n<p>\u00a0<\/p>\n","protected":false},"excerpt":{"rendered":"Meghan Markle publicou, esta sexta-feira, dia 19, no Instagram, um postal de Natal com uma rara fotografia em&hellip;\n","protected":false},"author":2,"featured_media":195473,"comment_status":"","ping_status":"","sticky":false,"template":"","format":"standard","meta":{"footnotes":""},"categories":[145],"tags":[39093,211,210,114,115,980,1127,3435,1870,39094,710,32,12376,33,1012],"class_list":{"0":"post-195472","1":"post","2":"type-post","3":"status-publish","4":"format-standard","5":"has-post-thumbnail","7":"category-celebridades","8":"tag-archie","9":"tag-celebridades","10":"tag-celebrities","11":"tag-entertainment","12":"tag-entretenimento","13":"tag-famosos","14":"tag-filha","15":"tag-filho","16":"tag-filhos","17":"tag-lilibet","18":"tag-meghan-markle","19":"tag-portugal","20":"tag-principe-harry","21":"tag-pt","22":"tag-selfie"},"share_on_mastodon":{"url":"https:\/\/pubeurope.com\/@pt\/115749193444810569","error":""},"_links":{"self":[{"href":"https:\/\/www.europesays.com\/pt\/wp-json\/wp\/v2\/posts\/195472","targetHints":{"allow":["GET"]}}],"collection":[{"href":"https:\/\/www.europesays.com\/pt\/wp-json\/wp\/v2\/posts"}],"about":[{"href":"https:\/\/www.europesays.com\/pt\/wp-json\/wp\/v2\/types\/post"}],"author":[{"embeddable":true,"href":"https:\/\/www.europesays.com\/pt\/wp-json\/wp\/v2\/users\/2"}],"replies":[{"embeddable":true,"href":"https:\/\/www.europesays.com\/pt\/wp-json\/wp\/v2\/comments?post=195472"}],"version-history":[{"count":0,"href":"https:\/\/www.europesays.com\/pt\/wp-json\/wp\/v2\/posts\/195472\/revisions"}],"wp:featuredmedia":[{"embeddable":true,"href":"https:\/\/www.europesays.com\/pt\/wp-json\/wp\/v2\/media\/195473"}],"wp:attachment":[{"href":"https:\/\/www.europesays.com\/pt\/wp-json\/wp\/v2\/media?parent=195472"}],"wp:term":[{"taxonomy":"category","embeddable":true,"href":"https:\/\/www.europesays.com\/pt\/wp-json\/wp\/v2\/categories?post=195472"},{"taxonomy":"post_tag","embeddable":true,"href":"https:\/\/www.europesays.com\/pt\/wp-json\/wp\/v2\/tags?post=195472"}],"curies":[{"name":"wp","href":"https:\/\/api.w.org\/{rel}","templated":true}]}}