{"id":195476,"date":"2025-12-20T01:05:35","date_gmt":"2025-12-20T01:05:35","guid":{"rendered":"https:\/\/www.europesays.com\/pt\/195476\/"},"modified":"2025-12-20T01:05:35","modified_gmt":"2025-12-20T01:05:35","slug":"mj-ira-partir-o-coracao-do-peter-parker-em-nova-atitude","status":"publish","type":"post","link":"https:\/\/www.europesays.com\/pt\/195476\/","title":{"rendered":"MJ ir\u00e1 partir o cora\u00e7\u00e3o do Peter Parker em nova atitude"},"content":{"rendered":"<p><a href=\"https:\/\/legadodamarvel.com.br\/tag\/homem-aranha-um-novo-dia\" rel=\"nofollow noopener\" target=\"_blank\">Homem-Aranha 4: Um Novo Dia<\/a> ser\u00e1 o pr\u00f3ximo cap\u00edtulo da jornada do Peter Parker, brilhantemente interpretado por <a href=\"https:\/\/legadodamarvel.com.br\/tag\/tom-holland\" rel=\"nofollow noopener\" target=\"_blank\">Tom Holland<\/a> no MCU.<\/p>\n<p>Ap\u00f3s 5 anos, o filme enfim ir\u00e1 acompanhar as consequ\u00eancias do fim de <a href=\"https:\/\/legadodamarvel.com.br\/tag\/homem-aranha-sem-volta-para-casa\" rel=\"nofollow noopener\" target=\"_blank\">Homem-Aranha: Sem Volta Para Casa<\/a>. No filme de 2021, o Peter precisa fazer com que todos esque\u00e7am quem ele \u00e9, inclusive a sua amada MJ (<a href=\"https:\/\/legadodamarvel.com.br\/tag\/zendaya\/\" rel=\"nofollow noopener\" target=\"_blank\">Zendaya<\/a>).<\/p>\n<p>Ou seja, no 4\u00ba filme da franquia, veremos o personagem mais solit\u00e1rio do que nunca. E ainda haver\u00e3o novos acontecimentos para partir o cora\u00e7\u00e3o do her\u00f3i.<\/p>\n<p>Em Homem-Aranha 4 o Peter Parker ter\u00e1 seu cora\u00e7\u00e3o partido!<\/p>\n<p>No fim do filme de 2021, vemos o Peter indo at\u00e9 a MJ com uma carta, com a inten\u00e7\u00e3o de revelar quem ele \u00e9 e tentar faz\u00ea-la lembrar do romance que os dois viviam.<\/p>\n<p>No fim o personagem acaba desistindo da ideia, no entanto, sabemos que a MJ estar\u00e1 de volta em Homem-Aranha 4 e que o Peter Parker novamente tentar\u00e1 abrir o jogo para ela.<\/p>\n<p>Por\u00e9m, desta vez, o personagem acabar\u00e1 tendo o seu cora\u00e7\u00e3o partido. Segundo o jornalista <a href=\"https:\/\/twitter.com\/DanielRPK\" rel=\"nofollow noopener\" target=\"_blank\">Daniel Richtman<\/a>, no novo filme o Peter acabar\u00e1 descobrindo que a MJ j\u00e1 est\u00e1 vivendo um novo romance.<\/p>\n<p>N\u00e3o sabemos ainda quem ser\u00e1 o novo namorado da personagem, apesar dos f\u00e3s apostarem em nomes como Harry Osborn e at\u00e9 o Eddie Brock. A \u00fanica coisa que sabemos que \u00e9 a Marvel buscava por um ator parecido com o Harris Dickinson para o papel.<\/p>\n<p>De qualquer forma, este promete ser um momento crucial de Homem-Aranha 4, que deve fazer o Peter Parker ter ideia de tudo que ele perdeu ao cometer tamanho sacrif\u00edcio.<\/p>\n<p><strong>LEIA TAMB\u00c9M:<\/strong><\/p>\n<p>O que acharam? Deixe sua opini\u00e3o nos coment\u00e1rios e, por fim, continue acompanhando o\u00a0<strong>Legado da Marvel\u00a0<\/strong>para n\u00e3o perder nenhuma novidade!<\/p>\n<p><script async src=\"https:\/\/platform.twitter.com\/widgets.js\" charset=\"utf-8\"><\/script><\/p>\n","protected":false},"excerpt":{"rendered":"Homem-Aranha 4: Um Novo Dia ser\u00e1 o pr\u00f3ximo cap\u00edtulo da jornada do Peter Parker, brilhantemente interpretado por Tom&hellip;\n","protected":false},"author":2,"featured_media":195477,"comment_status":"","ping_status":"","sticky":false,"template":"","format":"standard","meta":{"footnotes":""},"categories":[140],"tags":[114,115,147,148,10305,146,32,33],"class_list":{"0":"post-195476","1":"post","2":"type-post","3":"status-publish","4":"format-standard","5":"has-post-thumbnail","7":"category-filmes","8":"tag-entertainment","9":"tag-entretenimento","10":"tag-film","11":"tag-filmes","12":"tag-homem-aranha-um-novo-dia","13":"tag-movies","14":"tag-portugal","15":"tag-pt"},"share_on_mastodon":{"url":"https:\/\/pubeurope.com\/@pt\/115749213063755706","error":""},"_links":{"self":[{"href":"https:\/\/www.europesays.com\/pt\/wp-json\/wp\/v2\/posts\/195476","targetHints":{"allow":["GET"]}}],"collection":[{"href":"https:\/\/www.europesays.com\/pt\/wp-json\/wp\/v2\/posts"}],"about":[{"href":"https:\/\/www.europesays.com\/pt\/wp-json\/wp\/v2\/types\/post"}],"author":[{"embeddable":true,"href":"https:\/\/www.europesays.com\/pt\/wp-json\/wp\/v2\/users\/2"}],"replies":[{"embeddable":true,"href":"https:\/\/www.europesays.com\/pt\/wp-json\/wp\/v2\/comments?post=195476"}],"version-history":[{"count":0,"href":"https:\/\/www.europesays.com\/pt\/wp-json\/wp\/v2\/posts\/195476\/revisions"}],"wp:featuredmedia":[{"embeddable":true,"href":"https:\/\/www.europesays.com\/pt\/wp-json\/wp\/v2\/media\/195477"}],"wp:attachment":[{"href":"https:\/\/www.europesays.com\/pt\/wp-json\/wp\/v2\/media?parent=195476"}],"wp:term":[{"taxonomy":"category","embeddable":true,"href":"https:\/\/www.europesays.com\/pt\/wp-json\/wp\/v2\/categories?post=195476"},{"taxonomy":"post_tag","embeddable":true,"href":"https:\/\/www.europesays.com\/pt\/wp-json\/wp\/v2\/tags?post=195476"}],"curies":[{"name":"wp","href":"https:\/\/api.w.org\/{rel}","templated":true}]}}