{"id":195483,"date":"2025-12-20T01:12:16","date_gmt":"2025-12-20T01:12:16","guid":{"rendered":"https:\/\/www.europesays.com\/pt\/195483\/"},"modified":"2025-12-20T01:12:16","modified_gmt":"2025-12-20T01:12:16","slug":"varias-pessoas-envolvidas-em-disparos-de-armas-de-fogo-no-mercado-de-benfica-lisboa","status":"publish","type":"post","link":"https:\/\/www.europesays.com\/pt\/195483\/","title":{"rendered":"\u201cV\u00e1rias pessoas\u201d envolvidas em disparos de armas de fogo no Mercado de Benfica | Lisboa"},"content":{"rendered":"<p>&#8220;V\u00e1rias pessoas&#8221; envolveram-se nesta sexta-feira numa situa\u00e7\u00e3o de desordem com <a href=\"https:\/\/www.publico.pt\/2024\/10\/02\/local\/noticia\/tres-mortos-tiro-barbearia-poem-choque-bairro-tranquilo-penha-franca-2106349\" rel=\"nofollow noopener\" target=\"_blank\">disparos de armas de fogo<\/a> no Mercado de Benfica, em Lisboa, disse \u00e0 Lusa o porta-voz da PSP, referindo que os suspeitos fugiram do local antes da chegada da pol\u00edcia.<\/p>\n<p>S\u00e9rgio Soares disse que, at\u00e9 ao momento, n\u00e3o h\u00e1 informa\u00e7\u00e3o de feridos, adiantando que o alerta para a situa\u00e7\u00e3o de &#8220;desordem envolvendo armas de fogo&#8221; foi recebido pelas 14h45, tendo a Pol\u00edcia de Seguran\u00e7a P\u00fablica (PSP) se deslocado imediatamente para o local, mas \u00e0 sua chegada &#8220;n\u00e3o foi poss\u00edvel interceptar quaisquer suspeitos&#8221;.<\/p>\n<p>A PSP identificou testemunhas do tiroteio no Mercado de Benfica, confirmando que houve disparos, mas sem saber quantos.<\/p>\n<p>Ainda de acordo com o porta-voz da PSP, foram encontrados <a href=\"https:\/\/www.publico.pt\/2025\/07\/23\/sociedade\/noticia\/tiroteio-time-out-market-lisboa-nao-deixa-feridos-suspeitos-estao-fuga-2141561\" rel=\"nofollow noopener\" target=\"_blank\">inv\u00f3lucros de muni\u00e7\u00f5es<\/a> no exterior do Mercado de Benfica e foi dado conhecimento da situa\u00e7\u00e3o \u00e0 Pol\u00edcia Judici\u00e1ria (PJ).<\/p>\n<p>Sobre os suspeitos do tiroteio, a PSP tem indica\u00e7\u00e3o de &#8220;v\u00e1rias pessoas&#8221;, sem precisar quantas, uma vez que a investiga\u00e7\u00e3o ainda est\u00e1 &#8220;em desenvolvimento&#8221;, no sentido de localizar os envolvidos, que abandonaram o local de carro.<\/p>\n","protected":false},"excerpt":{"rendered":"&#8220;V\u00e1rias pessoas&#8221; envolveram-se nesta sexta-feira numa situa\u00e7\u00e3o de desordem com disparos de armas de fogo no Mercado de&hellip;\n","protected":false},"author":2,"featured_media":195484,"comment_status":"","ping_status":"","sticky":false,"template":"","format":"standard","meta":{"footnotes":""},"categories":[10],"tags":[27,28,604,15,16,14,25,26,797,21,22,12,13,19,20,32,23,24,1306,33,58,17,18,29,30,31],"class_list":{"0":"post-195483","1":"post","2":"type-post","3":"status-publish","4":"format-standard","5":"has-post-thumbnail","7":"category-portugal","8":"tag-breaking-news","9":"tag-breakingnews","10":"tag-crime","11":"tag-featured-news","12":"tag-featurednews","13":"tag-headlines","14":"tag-latest-news","15":"tag-latestnews","16":"tag-lisboa","17":"tag-main-news","18":"tag-mainnews","19":"tag-news","20":"tag-noticias","21":"tag-noticias-principais","22":"tag-noticiasprincipais","23":"tag-portugal","24":"tag-principais-noticias","25":"tag-principaisnoticias","26":"tag-psp","27":"tag-pt","28":"tag-sociedade","29":"tag-top-stories","30":"tag-topstories","31":"tag-ultimas","32":"tag-ultimas-noticias","33":"tag-ultimasnoticias"},"share_on_mastodon":{"url":"https:\/\/pubeurope.com\/@pt\/115749240469704266","error":""},"_links":{"self":[{"href":"https:\/\/www.europesays.com\/pt\/wp-json\/wp\/v2\/posts\/195483","targetHints":{"allow":["GET"]}}],"collection":[{"href":"https:\/\/www.europesays.com\/pt\/wp-json\/wp\/v2\/posts"}],"about":[{"href":"https:\/\/www.europesays.com\/pt\/wp-json\/wp\/v2\/types\/post"}],"author":[{"embeddable":true,"href":"https:\/\/www.europesays.com\/pt\/wp-json\/wp\/v2\/users\/2"}],"replies":[{"embeddable":true,"href":"https:\/\/www.europesays.com\/pt\/wp-json\/wp\/v2\/comments?post=195483"}],"version-history":[{"count":0,"href":"https:\/\/www.europesays.com\/pt\/wp-json\/wp\/v2\/posts\/195483\/revisions"}],"wp:featuredmedia":[{"embeddable":true,"href":"https:\/\/www.europesays.com\/pt\/wp-json\/wp\/v2\/media\/195484"}],"wp:attachment":[{"href":"https:\/\/www.europesays.com\/pt\/wp-json\/wp\/v2\/media?parent=195483"}],"wp:term":[{"taxonomy":"category","embeddable":true,"href":"https:\/\/www.europesays.com\/pt\/wp-json\/wp\/v2\/categories?post=195483"},{"taxonomy":"post_tag","embeddable":true,"href":"https:\/\/www.europesays.com\/pt\/wp-json\/wp\/v2\/tags?post=195483"}],"curies":[{"name":"wp","href":"https:\/\/api.w.org\/{rel}","templated":true}]}}